
{"id":1065,"date":"2023-11-23T10:30:13","date_gmt":"2023-11-23T09:30:13","guid":{"rendered":"https:\/\/zsp25.edu.wroclaw.pl\/?p=1065"},"modified":"2023-11-23T10:30:13","modified_gmt":"2023-11-23T09:30:13","slug":"projekty-realizowane-w-sp11","status":"publish","type":"post","link":"https:\/\/zsp25.edu.wroclaw.pl\/index.php\/projekty-realizowane-w-sp11\/2023\/11\/23\/dbabczynska\/","title":{"rendered":"Projekty realizowane w SP11"},"content":{"rendered":"<div><strong>1. Mi\u0119dzynarodowy Projekt Czytelniczy \u201eMagiczna moc bajek\u201d, czyli ,,Bajkowa podr\u00f3\u017c do krainy warto\u015bci i dzieci\u0119cej wyobra\u017ani\u201d:<\/strong><br \/>\nG\u0142\u00f3wnym celem projektu jest promowanie w\u015br\u00f3d dzieci czytania bajek i ba\u015bni jako sposobu na ich rozw\u00f3j, kszta\u0142cenie, zdobywanie wiedzy i wychowanie szcz\u0119\u015bliwego cz\u0142owieka oraz kszta\u0142towanie w\u0142a\u015bciwych postaw spo\u0142ecznych wobec os\u00f3b z niepe\u0142nosprawno\u015bci\u0105.<\/div>\n<div><\/div>\n<div><strong>2. Og\u00f3lnopolski Projekt Edukacyjny ,,Europa i ja\u201d:<\/strong><\/div>\n<div>Poprzez uczestnictwo w projekcie uczniowie zdob\u0119d\u0105 wiedz\u0119 na temat wybranych kraj\u00f3w Europy oraz ich kultury. Jednym z cel\u00f3w jest wzbudzenie zami\u0142owania do poznawania \u015bwiata, kt\u00f3re czyni nas odporniejszymi na medialne zniekszta\u0142cenie oraz wszechstronnie rozwija.<\/div>\n<div><img loading=\"lazy\" decoding=\"async\" class=\"alignnone size-medium wp-image-1066\" src=\"https:\/\/zsp25.edu.wroclaw.pl\/wp-content\/uploads\/sites\/77\/2023\/11\/V-EDYCJA-MAGICZNA-MOC-BAJEK-PLAKAT-214x300.jpg\" alt=\"\" width=\"214\" height=\"300\" srcset=\"https:\/\/zsp25.edu.wroclaw.pl\/wp-content\/uploads\/sites\/77\/2023\/11\/V-EDYCJA-MAGICZNA-MOC-BAJEK-PLAKAT-214x300.jpg 214w, https:\/\/zsp25.edu.wroclaw.pl\/wp-content\/uploads\/sites\/77\/2023\/11\/V-EDYCJA-MAGICZNA-MOC-BAJEK-PLAKAT-731x1024.jpg 731w, https:\/\/zsp25.edu.wroclaw.pl\/wp-content\/uploads\/sites\/77\/2023\/11\/V-EDYCJA-MAGICZNA-MOC-BAJEK-PLAKAT-768x1076.jpg 768w, https:\/\/zsp25.edu.wroclaw.pl\/wp-content\/uploads\/sites\/77\/2023\/11\/V-EDYCJA-MAGICZNA-MOC-BAJEK-PLAKAT-600x841.jpg 600w, https:\/\/zsp25.edu.wroclaw.pl\/wp-content\/uploads\/sites\/77\/2023\/11\/V-EDYCJA-MAGICZNA-MOC-BAJEK-PLAKAT-1096x1536.jpg 1096w, https:\/\/zsp25.edu.wroclaw.pl\/wp-content\/uploads\/sites\/77\/2023\/11\/V-EDYCJA-MAGICZNA-MOC-BAJEK-PLAKAT-1462x2048.jpg 1462w, https:\/\/zsp25.edu.wroclaw.pl\/wp-content\/uploads\/sites\/77\/2023\/11\/V-EDYCJA-MAGICZNA-MOC-BAJEK-PLAKAT.jpg 1800w\" sizes=\"auto, (max-width: 214px) 100vw, 214px\" \/> <img loading=\"lazy\" decoding=\"async\" class=\"alignnone size-medium wp-image-1067\" src=\"https:\/\/zsp25.edu.wroclaw.pl\/wp-content\/uploads\/sites\/77\/2023\/11\/Nasza-szkola-300x213.jpg\" alt=\"\" width=\"300\" height=\"213\" srcset=\"https:\/\/zsp25.edu.wroclaw.pl\/wp-content\/uploads\/sites\/77\/2023\/11\/Nasza-szkola-300x213.jpg 300w, https:\/\/zsp25.edu.wroclaw.pl\/wp-content\/uploads\/sites\/77\/2023\/11\/Nasza-szkola-1024x726.jpg 1024w, https:\/\/zsp25.edu.wroclaw.pl\/wp-content\/uploads\/sites\/77\/2023\/11\/Nasza-szkola-768x545.jpg 768w, https:\/\/zsp25.edu.wroclaw.pl\/wp-content\/uploads\/sites\/77\/2023\/11\/Nasza-szkola-600x426.jpg 600w, https:\/\/zsp25.edu.wroclaw.pl\/wp-content\/uploads\/sites\/77\/2023\/11\/Nasza-szkola-1536x1090.jpg 1536w, https:\/\/zsp25.edu.wroclaw.pl\/wp-content\/uploads\/sites\/77\/2023\/11\/Nasza-szkola.jpg 1748w\" sizes=\"auto, (max-width: 300px) 100vw, 300px\" \/><\/div>\n","protected":false},"excerpt":{"rendered":"<p>1. Mi\u0119dzynarodowy Projekt Czytelniczy \u201eMagiczna moc bajek\u201d, czyli ,,Bajkowa podr\u00f3\u017c do krainy warto\u015bci i dzieci\u0119cej wyobra\u017ani\u201d: G\u0142\u00f3wnym celem projektu jest promowanie w\u015br\u00f3d dzieci czytania bajek i ba\u015bni jako sposobu na [&hellip;]<\/p>\n","protected":false},"author":222,"featured_media":1066,"comment_status":"closed","ping_status":"closed","sticky":false,"template":"","format":"standard","meta":{"footnotes":""},"categories":[1],"tags":[],"class_list":["post-1065","post","type-post","status-publish","format-standard","has-post-thumbnail","hentry","category-aktualnosci","clearfix"],"_links":{"self":[{"href":"https:\/\/zsp25.edu.wroclaw.pl\/index.php\/wp-json\/wp\/v2\/posts\/1065","targetHints":{"allow":["GET"]}}],"collection":[{"href":"https:\/\/zsp25.edu.wroclaw.pl\/index.php\/wp-json\/wp\/v2\/posts"}],"about":[{"href":"https:\/\/zsp25.edu.wroclaw.pl\/index.php\/wp-json\/wp\/v2\/types\/post"}],"author":[{"embeddable":true,"href":"https:\/\/zsp25.edu.wroclaw.pl\/index.php\/wp-json\/wp\/v2\/users\/222"}],"replies":[{"embeddable":true,"href":"https:\/\/zsp25.edu.wroclaw.pl\/index.php\/wp-json\/wp\/v2\/comments?post=1065"}],"version-history":[{"count":1,"href":"https:\/\/zsp25.edu.wroclaw.pl\/index.php\/wp-json\/wp\/v2\/posts\/1065\/revisions"}],"predecessor-version":[{"id":1068,"href":"https:\/\/zsp25.edu.wroclaw.pl\/index.php\/wp-json\/wp\/v2\/posts\/1065\/revisions\/1068"}],"wp:featuredmedia":[{"embeddable":true,"href":"https:\/\/zsp25.edu.wroclaw.pl\/index.php\/wp-json\/wp\/v2\/media\/1066"}],"wp:attachment":[{"href":"https:\/\/zsp25.edu.wroclaw.pl\/index.php\/wp-json\/wp\/v2\/media?parent=1065"}],"wp:term":[{"taxonomy":"category","embeddable":true,"href":"https:\/\/zsp25.edu.wroclaw.pl\/index.php\/wp-json\/wp\/v2\/categories?post=1065"},{"taxonomy":"post_tag","embeddable":true,"href":"https:\/\/zsp25.edu.wroclaw.pl\/index.php\/wp-json\/wp\/v2\/tags?post=1065"}],"curies":[{"name":"wp","href":"https:\/\/api.w.org\/{rel}","templated":true}]}}