
{"id":1146,"date":"2023-11-25T10:09:04","date_gmt":"2023-11-25T09:09:04","guid":{"rendered":"https:\/\/zsp25.edu.wroclaw.pl\/?p=1146"},"modified":"2023-11-25T18:41:10","modified_gmt":"2023-11-25T17:41:10","slug":"inauguracja-projektu-miejskiego-akademia-h2o","status":"publish","type":"post","link":"https:\/\/zsp25.edu.wroclaw.pl\/index.php\/inauguracja-projektu-miejskiego-akademia-h2o\/2023\/11\/25\/dbabczynska\/","title":{"rendered":"Inauguracja projektu miejskiego &#8222;Akademia H2O&#8221;"},"content":{"rendered":"<p>W \u015brod\u0119 <strong>22 listopada<\/strong> do naszej szko\u0142y zawitali niezwykli go\u015bcie&#8230; <strong>Kropelka i Groblik z Miejskiego Przedsi\u0119biorstwa Wodoci\u0105g\u00f3w i Kanalizacji miasta Wroc\u0142a<\/strong>w. Ich wizyta by\u0142a zwi\u0105zana z inauguracj\u0105 miejskiego projektu pt. <strong>&#8222;Akademia H2O&#8221;<\/strong> oraz przygotowanymi warsztatami dla uczni\u00f3w wszystkich klas 2. Uczniowie poznali zjawisko napi\u0119cia powierzchniowego wody, g\u0119sto\u015bci cieczy oraz zobaczyli na w\u0142asne oczy dwutlenek w\u0119gla. Dodatkowo dla nauczycieli zaproszonych ze wszystkich wroc\u0142awski szk\u00f3\u0142 podstawowych, projekt zosta\u0142 przedstawiony przez pani\u0105 wiceprezydent Renat\u0119 Granowsk\u0105 i dyrektora departamentu edukacji pana Jaros\u0142awa Delewskiego oraz znawc\u0119 wody i kanalizacji wiceprezesa MPWiK Marcina Garcarza. Nasi uczniowie z klasy 2e przygotowali dla go\u015bci kr\u00f3tk\u0105 cz\u0119\u015b\u0107 artystyczn\u0105, a uczennica z klasy 4b Julia \u0141abuz zaprezentowa\u0142a pokaz gimnastyki artystycznej. Nie mo\u017cemy si\u0119 ju\u017c doczeka\u0107 kolejnych przyg\u00f3d z wod\u0105 w roli g\u0142\u00f3wnej, tym razem ju\u017c na lekcjach!<\/p>\n<p><!--more--><\/p>\n<p><!--more--><\/p>\n<p>&nbsp;<\/p>\n<p>&nbsp;<\/p>\n<p>&nbsp;<\/p>\n","protected":false},"excerpt":{"rendered":"<p>W \u015brod\u0119 22 listopada do naszej szko\u0142y zawitali niezwykli go\u015bcie&#8230; Kropelka i Groblik z Miejskiego Przedsi\u0119biorstwa Wodoci\u0105g\u00f3w i Kanalizacji miasta Wroc\u0142aw. Ich wizyta by\u0142a zwi\u0105zana z inauguracj\u0105 miejskiego projektu pt. [&hellip;]<\/p>\n","protected":false},"author":222,"featured_media":1155,"comment_status":"closed","ping_status":"closed","sticky":false,"template":"","format":"standard","meta":{"footnotes":""},"categories":[1],"tags":[],"class_list":["post-1146","post","type-post","status-publish","format-standard","has-post-thumbnail","hentry","category-aktualnosci","clearfix"],"_links":{"self":[{"href":"https:\/\/zsp25.edu.wroclaw.pl\/index.php\/wp-json\/wp\/v2\/posts\/1146","targetHints":{"allow":["GET"]}}],"collection":[{"href":"https:\/\/zsp25.edu.wroclaw.pl\/index.php\/wp-json\/wp\/v2\/posts"}],"about":[{"href":"https:\/\/zsp25.edu.wroclaw.pl\/index.php\/wp-json\/wp\/v2\/types\/post"}],"author":[{"embeddable":true,"href":"https:\/\/zsp25.edu.wroclaw.pl\/index.php\/wp-json\/wp\/v2\/users\/222"}],"replies":[{"embeddable":true,"href":"https:\/\/zsp25.edu.wroclaw.pl\/index.php\/wp-json\/wp\/v2\/comments?post=1146"}],"version-history":[{"count":3,"href":"https:\/\/zsp25.edu.wroclaw.pl\/index.php\/wp-json\/wp\/v2\/posts\/1146\/revisions"}],"predecessor-version":[{"id":1166,"href":"https:\/\/zsp25.edu.wroclaw.pl\/index.php\/wp-json\/wp\/v2\/posts\/1146\/revisions\/1166"}],"wp:featuredmedia":[{"embeddable":true,"href":"https:\/\/zsp25.edu.wroclaw.pl\/index.php\/wp-json\/wp\/v2\/media\/1155"}],"wp:attachment":[{"href":"https:\/\/zsp25.edu.wroclaw.pl\/index.php\/wp-json\/wp\/v2\/media?parent=1146"}],"wp:term":[{"taxonomy":"category","embeddable":true,"href":"https:\/\/zsp25.edu.wroclaw.pl\/index.php\/wp-json\/wp\/v2\/categories?post=1146"},{"taxonomy":"post_tag","embeddable":true,"href":"https:\/\/zsp25.edu.wroclaw.pl\/index.php\/wp-json\/wp\/v2\/tags?post=1146"}],"curies":[{"name":"wp","href":"https:\/\/api.w.org\/{rel}","templated":true}]}}