
{"id":1289,"date":"2023-12-04T20:30:54","date_gmt":"2023-12-04T19:30:54","guid":{"rendered":"https:\/\/zsp25.edu.wroclaw.pl\/?p=1289"},"modified":"2023-12-04T20:30:54","modified_gmt":"2023-12-04T19:30:54","slug":"kiermasz-swiateczny","status":"publish","type":"post","link":"https:\/\/zsp25.edu.wroclaw.pl\/index.php\/kiermasz-swiateczny\/2023\/12\/04\/dbabczynska\/","title":{"rendered":"Kiermasz \u015awi\u0105teczny"},"content":{"rendered":"<div><span style=\"font-family: Calibri,sans-serif;font-size: small\">Witamy serdecznie,<\/span><\/div>\n<div><span style=\"font-family: Calibri,sans-serif;font-size: small\">Spieszymy z informacj\u0105, i\u017c ju\u017c\u00a0<span style=\"color: #00b0f0;font-size: medium\"><b>14 grudnia w godzinach 16:30-18:30\u00a0<\/b><\/span><span style=\"color: #0070c0;font-size: medium\"><b>odb\u0119dzie si\u0119 w SP Nr 11 nasz pierwszy szkolny Kiermasz \u015awi\u0105teczny<\/b><\/span><\/span><\/div>\n<div><span style=\"font-family: Calibri,sans-serif;font-size: small\">B\u0119dzie to wydarzenie rodzinne, serdecznie zapraszamy Dzieci wraz z Rodzicami, Dziadkami i wszystkimi bliskimi\u00a0<span style=\"font-family: Segoe UI Emoji,sans-serif\">\ud83d\ude0a<\/span><\/span><\/div>\n<div><span style=\"font-family: Calibri,sans-serif;font-size: small\"><span style=\"color: #00b0f0;font-family: Segoe UI Emoji,sans-serif\"><b>B<\/b><\/span><span style=\"color: #00b0f0\"><b>\u0119dzie si\u0119 dzia\u0142o\u00a0<\/b><\/span><span style=\"color: red\"><b>pi\u0119knie i\u00a0<\/b><\/span><span style=\"color: #00b050\"><b>kolorowo<\/b><\/span><span style=\"color: #00b050\">,\u00a0<\/span>b\u0119d\u0105 cudne\u00a0<span style=\"color: #00b050\"><b>prace \u015bwi\u0105teczne naszych Dzieci<\/b><\/span><span style=\"color: #00b050\">\u00a0<\/span>do nabycia na klasowych stoiskach.\u00a0<span style=\"color: #ed7d31\"><b>W kawiarence znajd\u0105 Pa\u0144stwo pyszne wypieki i napoje<\/b><\/span><span style=\"color: #ed7d31\">\u00a0<\/span>przygotowane przez Rodzic\u00f3w. Rada Rodzic\u00f3w przygotowa\u0142a tak\u017ce\u00a0<span style=\"color: #002060\"><b>kiermaszowy konkursik loteryjny z ko\u0142em fortuny<\/b><\/span>, gdzie b\u0119dzie mo\u017cna wygra\u0107 upominki. Atrakcj\u0105 na zako\u0144czenie Kiermaszu b\u0119dzie\u00a0<span style=\"color: #5b9bd5\"><b>licytacja choinek oraz innych ciekawych rzeczy<\/b><\/span>. Dla naszych pociech kadra nauczycielska\u00a0<span style=\"color: #ffc000\"><b>przygotowa\u0142a Domow\u0105 Fotobudk\u0119<\/b><\/span><span style=\"color: #ffc000\">,<\/span>\u00a0gdzie Dzieci, ale te\u017c doro\u015bli\u00a0<span style=\"font-family: Segoe UI Emoji,sans-serif\">b<\/span>\u0119d\u0105 mogli zrobi\u0107 sobie \u015bwi\u0105teczne pami\u0105tkowe zdj\u0119cie\u00a0<span style=\"font-family: Segoe UI Emoji,sans-serif\">\ud83d\ude0a<\/span><\/span><\/div>\n<div><span style=\"font-family: Calibri,sans-serif;font-size: small\"><span style=\"font-family: Segoe UI Emoji,sans-serif\"><b><u>CEL\u00a0<\/u><\/b><\/span><span style=\"font-family: Segoe UI Emoji,sans-serif\"><b><u>\ud83d\ude0a<\/u><\/b><\/span><\/span><\/div>\n<div><span style=\"font-family: Calibri,sans-serif;font-size: small\"><span style=\"font-family: Segoe UI Emoji,sans-serif\">Zebrane podczas naszego Kiermaszu\u00a0<\/span>\u015awi\u0105tecznego pieni\u0105\u017cki trafi\u0105 do Funduszu Rady Rodzic\u00f3w, a docelowo zostan\u0105 przekazane na <span style=\"color: #00b050\"><b>organizacj\u0119 event\u00f3w integracyjnych dla naszych Dzieci. Kluczowym z nich b\u0119dzie Piknik Rodzinny.<\/b><\/span><span style=\"color: #00b050\">\u00a0<\/span>Cz\u0119\u015b\u0107 pieni\u0105\u017ck\u00f3w ze stoisk klasowych zasili bud\u017cet klasowy \u2013 b\u0119dzie to 30% zebranych na stoiskach \u015brodk\u00f3w.<\/span><\/div>\n<div><span style=\"font-family: Calibri,sans-serif;font-size: small\"><b><u>WSPARCIE NA WAG\u0118 Z\u0141OTA<\/u><\/b><\/span><\/div>\n<div><span style=\"font-family: Calibri,sans-serif;font-size: small\"><span style=\"color: #4472c4\"><b>Drodzy Rodzice zach\u0119camy Was serdecznie do zaanga\u017cowania si\u0119 we wsparcie w organizacji Kiermaszu.<\/b><\/span><\/span><\/div>\n<div><span style=\"font-family: Calibri,sans-serif;font-size: small\">Zapraszamy do wsparcia Waszych pociech podczas sprzeda\u017cy cudeniek na stoiskach klasowych. Na ka\u017cdym stoisku powinni\u015bmy mie\u0107 ekip\u0119 Rodzic\u00f3w, kt\u00f3rzy pomog\u0105 dzieciom w zach\u0119caniu go\u015bci do zakup\u00f3w i rozliczaniu pieni\u0105\u017ck\u00f3w\u00a0<span style=\"font-family: Segoe UI Emoji,sans-serif\">\ud83d\ude0a<\/span>\u00a0Zg\u0142aszajcie si\u0119 prosz\u0119 do Przewodnicz\u0105cych.<\/span><\/div>\n<div><span style=\"font-family: Calibri,sans-serif;font-size: small\"><b><u>LICYTACJA KIERMASZOWA<\/u><\/b><\/span><\/div>\n<div><span style=\"font-family: Calibri,sans-serif;font-size: small\">Rada Rodzic\u00f3w zapewni pi\u0119kne choinki, kt\u00f3re b\u0119dzie mo\u017cna wylicytowa\u0107.<b>\u00a0By\u0107 mo\u017ce Pa\u0144stwo tak\u017ce maj\u0105 co\u015b, co chcieliby przekaza\u0107 na licytacj\u0119? Zach\u0119camy<\/b><span style=\"color: #92d050\"><b>! Fanty do licytacji mo\u017cna przynosi\u0107 w dniach 11-12 gru (pon-wt), portiernia wska\u017ce miejsce.<\/b><\/span><span style=\"color: #a9d18e\"><b>\u00a0<\/b><\/span>Mile widziane b\u0119dzie r\u0119kodzie\u0142o, vouchery, wej\u015bci\u00f3wki do kina-teatru-koncert-mecz, us\u0142ugi i inne cudne rzeczy jakie Pa\u0144stwo b\u0119d\u0105 mieli ch\u0119\u0107 przekaza\u0107 na ten cel\u00a0<span style=\"font-family: Segoe UI Emoji,sans-serif\">\ud83d\ude0a<\/span>\u00a0Pro\u015bba serdeczna o pozostawienie przy fancie informacji z sugerowan\u0105 cen\u0105 wywo\u0142awcz\u0105. Stoisko to b\u0119dzie obs\u0142ugiwane przez RR. Ch\u0119tnych\u00a0 zapraszamy do zg\u0142aszania si\u0119 do Marty Kanus.<\/span><\/div>\n<div><span style=\"font-family: Calibri,sans-serif;font-size: small\"><b><u>KAWIARENKA<\/u><\/b><\/span><\/div>\n<div><span style=\"font-family: Calibri,sans-serif;font-size: small\"><b>Z rado\u015bci\u0105 przyjmiemy te\u017c wszelkie ilo\u015bci domowych wypiek\u00f3w do kawiarenki.\u00a0<\/b><b>\u00a0<\/b><\/span><\/div>\n<div><span style=\"font-family: Calibri,sans-serif;font-size: small\"><span style=\"color: #4472c4\"><b>Wypieki\u00a0<\/b><\/span><span style=\"color: #92d050\"><b>bezlod\u00f3wkowe<\/b><\/span><span style=\"color: #4472c4\"><b>\u00a0mo\u017cna przynosi\u0107\u00a0<\/b><\/span><span style=\"color: #92d050\"><b>od rana w dniu 14 gru (czwartek),\u00a0<\/b><\/span><span style=\"color: #4472c4\"><b>portiernia wska\u017ce miejsce; wypieki\u00a0<\/b><\/span><b>lod\u00f3wkowe\u00a0<\/b><span style=\"color: #4472c4\"><b>mo\u017cna przynie\u015b\u0107\u00a0<\/b><\/span><b>bezpo\u015brednio do kawiarenki na rozpocz\u0119cie kiermaszu<\/b>.<span style=\"color: #4472c4\">\u00a0<\/span>Pro\u015bba serdeczna aby ciasta ju\u017c by\u0142y pokrojone w miar\u0119 mo\u017cliwo\u015bci na porcje ok. 8cm x 8cm.<\/span><\/div>\n<div><span style=\"font-family: Calibri,sans-serif;font-size: small\">Zapraszamy Was Drodzy Rodzice do pomocy przy obs\u0142udze kawiarenki. Tylko z Waszym wsparciem sprawimy, \u017ce b\u0119dzie dzia\u0142a\u0142a ona sprawnie, a ka\u017cdy smakosz ciasta pozostanie zaspokojony i uszcz\u0119\u015bliwiony\u00a0\u00a0<span style=\"font-family: Segoe UI Emoji,sans-serif\">\ud83d\ude0a\u00a0<\/span>\u00a0Zg\u0142aszajcie si\u0119 prosz\u0119 do Przewodnicz\u0105cych.<\/p>\n<p><\/span><\/div>\n<div><span style=\"font-family: Calibri,sans-serif;font-size: small\">\u00a0<\/span><\/div>\n<div><span style=\"font-family: Calibri,sans-serif;font-size: small\"><span style=\"font-family: Segoe UI Emoji,sans-serif\">Bardzo prosimy by ka<\/span>\u017cda klasa przynios\u0142a tak\u017ce talerzyki, kubeczki, \u0142y\u017ceczki i kilka innych drobnych\u00a0 rzeczy. Rozpiska w za\u0142\u0105czeniu.<\/span><\/div>\n<div><span style=\"font-family: Calibri,sans-serif;font-size: small\">Aby\u015bmy wiedzieli kto, co przyniesie do kawiarenki i do licytacji zrobi\u0119 list\u0119, pode\u015bl\u0119 Pa\u0144stwu dost\u0119py p\u00f3\u017aniej.<br \/>\n<\/span><\/div>\n<div><span style=\"font-family: Calibri,sans-serif;font-size: small\">\u00a0<\/span><\/div>\n<div><span style=\"font-family: Calibri,sans-serif;font-size: small\"><b>Raz jeszcze serdecznie zapraszamy do wsp\u00f3lnie sp\u0119dzonego czasu przed\u015bwi\u0105tecznego i dobrej zabawy<\/b><span style=\"font-family: Segoe UI Emoji,sans-serif\">\ud83d\ude0a<\/span><span style=\"font-family: Segoe UI Emoji,sans-serif\"><br \/>\n<\/span><\/span><\/div>\n<div><span style=\"font-family: Calibri,sans-serif;font-size: small\"><span style=\"font-family: Segoe UI Emoji,sans-serif\">\u00a0<\/span><\/span><\/div>\n<div><span style=\"font-family: Calibri,sans-serif;font-size: small\">Z pozdrowieniami<\/span><\/div>\n<div><span style=\"font-family: Calibri,sans-serif;font-size: small\"><i>Marta Kanus \u2013 Przewodnicz\u0105ca RR<\/i><\/span><\/div>\n<div><span style=\"font-family: Calibri,sans-serif;font-size: small\"><i>Rada Rodzic\u00f3w<\/i><\/span><\/div>\n<div><span style=\"font-family: Calibri,sans-serif;font-size: small\"><i>Dyrekcja i Nauczyciele<\/i><\/span><\/div>\n","protected":false},"excerpt":{"rendered":"<p>Witamy serdecznie, Spieszymy z informacj\u0105, i\u017c ju\u017c\u00a014 grudnia w godzinach 16:30-18:30\u00a0odb\u0119dzie si\u0119 w SP Nr 11 nasz pierwszy szkolny Kiermasz \u015awi\u0105teczny B\u0119dzie to wydarzenie rodzinne, serdecznie zapraszamy Dzieci wraz z [&hellip;]<\/p>\n","protected":false},"author":222,"featured_media":1290,"comment_status":"closed","ping_status":"closed","sticky":false,"template":"","format":"standard","meta":{"footnotes":""},"categories":[1],"tags":[],"class_list":["post-1289","post","type-post","status-publish","format-standard","has-post-thumbnail","hentry","category-aktualnosci","clearfix"],"_links":{"self":[{"href":"https:\/\/zsp25.edu.wroclaw.pl\/index.php\/wp-json\/wp\/v2\/posts\/1289","targetHints":{"allow":["GET"]}}],"collection":[{"href":"https:\/\/zsp25.edu.wroclaw.pl\/index.php\/wp-json\/wp\/v2\/posts"}],"about":[{"href":"https:\/\/zsp25.edu.wroclaw.pl\/index.php\/wp-json\/wp\/v2\/types\/post"}],"author":[{"embeddable":true,"href":"https:\/\/zsp25.edu.wroclaw.pl\/index.php\/wp-json\/wp\/v2\/users\/222"}],"replies":[{"embeddable":true,"href":"https:\/\/zsp25.edu.wroclaw.pl\/index.php\/wp-json\/wp\/v2\/comments?post=1289"}],"version-history":[{"count":1,"href":"https:\/\/zsp25.edu.wroclaw.pl\/index.php\/wp-json\/wp\/v2\/posts\/1289\/revisions"}],"predecessor-version":[{"id":1291,"href":"https:\/\/zsp25.edu.wroclaw.pl\/index.php\/wp-json\/wp\/v2\/posts\/1289\/revisions\/1291"}],"wp:featuredmedia":[{"embeddable":true,"href":"https:\/\/zsp25.edu.wroclaw.pl\/index.php\/wp-json\/wp\/v2\/media\/1290"}],"wp:attachment":[{"href":"https:\/\/zsp25.edu.wroclaw.pl\/index.php\/wp-json\/wp\/v2\/media?parent=1289"}],"wp:term":[{"taxonomy":"category","embeddable":true,"href":"https:\/\/zsp25.edu.wroclaw.pl\/index.php\/wp-json\/wp\/v2\/categories?post=1289"},{"taxonomy":"post_tag","embeddable":true,"href":"https:\/\/zsp25.edu.wroclaw.pl\/index.php\/wp-json\/wp\/v2\/tags?post=1289"}],"curies":[{"name":"wp","href":"https:\/\/api.w.org\/{rel}","templated":true}]}}