
{"id":1743,"date":"2024-02-05T09:59:38","date_gmt":"2024-02-05T08:59:38","guid":{"rendered":"https:\/\/zsp25.edu.wroclaw.pl\/?p=1743"},"modified":"2024-02-12T06:54:21","modified_gmt":"2024-02-12T05:54:21","slug":"kolorowe-kradki-akcja-charytatywno-ekologiczna","status":"publish","type":"post","link":"https:\/\/zsp25.edu.wroclaw.pl\/index.php\/kolorowe-kradki-akcja-charytatywno-ekologiczna\/2024\/02\/05\/dbabczynska\/","title":{"rendered":"KOLOROWE KREDKI &#8211; akcja charytatywno &#8211; ekologiczna"},"content":{"rendered":"<p><strong><span style=\"font-size: 20px\">Drodzy Rodzice, Kochane Dzieci!<\/span><\/strong><\/p>\n<p>Je\u015bli posiadacie niekompletne kredki o\u0142\u00f3wkowe oraz o\u0142\u00f3wki i\u00a0zamierzacie je<br \/>\nwyrzuci\u0107, we\u017acie udzia\u0142 w\u00a0zbi\u00f3rce na szczytny cel!<br \/>\nNasze Przedszkole w\u0142\u0105cza si\u0119 w akcj\u0119 charytatywno-ekologiczn\u0105 Kolorowe\u00a0Kredki, kt\u00f3rej<br \/>\ncelem jest niesienie pomocy dzieciom przebywaj\u0105cym w\u00a0szpitalach oraz zbi\u00f3rka pieni\u0119dzy<br \/>\nz\u00a0przetworzonych kredek na r\u00f3\u017cne dzia\u0142ania charytatywne.<\/p>\n<p><strong><span style=\"font-size: 20px;color: #ff0000\">W naszym przedszkolu akcja trwa od\u00a007.02.2024\u00a0do\u00a007.03.2024 roku<\/span><\/strong><\/p>\n<p>O co w niej chodzi?<\/p>\n<p>Zbieramy kredki drewniane oraz o\u0142\u00f3wki, a nast\u0119pnie przekazujemy fundacji,<br \/>\nkt\u00f3ra\u00a0pracuje nad\u00a0ich obr\u00f3bk\u0105 i\u00a0segregacj\u0105. Grupa doros\u0142ych wolontariuszy<br \/>\nz\u00a0pozyskanych materia\u0142\u00f3w szyje kolorowe pi\u00f3rniki, kt\u00f3re zostaj\u0105 zape\u0142nione<br \/>\nodrestaurowanymi kredkami i zawiezione do\u00a0szpitali, szk\u00f3\u0142 przyszpitalnych\u00a0oraz<br \/>\n\u015bwietlic \u015brodowiskowych. Drewniane kredki, kt\u00f3re s\u0105\u00a0w\u00a0gorszym stanie, zostaj\u0105<br \/>\nprzerobione na\u00a0kredkowe ma\u0142e dzie\u0142a. Kredkowa bi\u017cuteria i\u00a0inne przedmioty<br \/>\ns\u0105\u00a0przekazywane na\u00a0r\u00f3\u017cne aukcje charytatywne, wspieraj\u0105c zbi\u00f3rki pieni\u0119dzy.<br \/>\nWa\u017cne uwagi techniczne:<br \/>\nzbieramy wy\u0142\u0105cznie kredki o\u0142\u00f3wkowe i o\u0142\u00f3wki, nie zbieramy kredek \u015bwiecowych,<br \/>\nmazak\u00f3w czy d\u0142ugopis\u00f3w,<br \/>\n&#8211; kredki nie mog\u0105 by\u0107 zabrudzone, np. plastelin\u0105 (nale\u017cy je wyczy\u015bci\u0107),<br \/>\n&#8211; kredki nie mog\u0105 posiada\u0107 \u015blad\u00f3w ugryzienia,<br \/>\n&#8211; prosimy o usuni\u0119cie metalu po gumce z o\u0142\u00f3wk\u00f3w,<br \/>\n&#8211; kredki zostawiamy w przeznaczonym do tego pojemniku, kt\u00f3ry zostanie umieszczony<br \/>\nw szatni przedszkola.<\/p>\n<p>Liczymy na\u00a0wasz\u0105 pomoc!<\/p>\n","protected":false},"excerpt":{"rendered":"<p>Drodzy Rodzice, Kochane Dzieci! Je\u015bli posiadacie niekompletne kredki o\u0142\u00f3wkowe oraz o\u0142\u00f3wki i\u00a0zamierzacie je wyrzuci\u0107, we\u017acie udzia\u0142 w\u00a0zbi\u00f3rce na szczytny cel! Nasze Przedszkole w\u0142\u0105cza si\u0119 w akcj\u0119 charytatywno-ekologiczn\u0105 Kolorowe\u00a0Kredki, kt\u00f3rej celem [&hellip;]<\/p>\n","protected":false},"author":222,"featured_media":1744,"comment_status":"closed","ping_status":"closed","sticky":false,"template":"","format":"standard","meta":{"footnotes":""},"categories":[14],"tags":[],"class_list":["post-1743","post","type-post","status-publish","format-standard","has-post-thumbnail","hentry","category-p111-aktualnosci","clearfix"],"_links":{"self":[{"href":"https:\/\/zsp25.edu.wroclaw.pl\/index.php\/wp-json\/wp\/v2\/posts\/1743","targetHints":{"allow":["GET"]}}],"collection":[{"href":"https:\/\/zsp25.edu.wroclaw.pl\/index.php\/wp-json\/wp\/v2\/posts"}],"about":[{"href":"https:\/\/zsp25.edu.wroclaw.pl\/index.php\/wp-json\/wp\/v2\/types\/post"}],"author":[{"embeddable":true,"href":"https:\/\/zsp25.edu.wroclaw.pl\/index.php\/wp-json\/wp\/v2\/users\/222"}],"replies":[{"embeddable":true,"href":"https:\/\/zsp25.edu.wroclaw.pl\/index.php\/wp-json\/wp\/v2\/comments?post=1743"}],"version-history":[{"count":4,"href":"https:\/\/zsp25.edu.wroclaw.pl\/index.php\/wp-json\/wp\/v2\/posts\/1743\/revisions"}],"predecessor-version":[{"id":1815,"href":"https:\/\/zsp25.edu.wroclaw.pl\/index.php\/wp-json\/wp\/v2\/posts\/1743\/revisions\/1815"}],"wp:featuredmedia":[{"embeddable":true,"href":"https:\/\/zsp25.edu.wroclaw.pl\/index.php\/wp-json\/wp\/v2\/media\/1744"}],"wp:attachment":[{"href":"https:\/\/zsp25.edu.wroclaw.pl\/index.php\/wp-json\/wp\/v2\/media?parent=1743"}],"wp:term":[{"taxonomy":"category","embeddable":true,"href":"https:\/\/zsp25.edu.wroclaw.pl\/index.php\/wp-json\/wp\/v2\/categories?post=1743"},{"taxonomy":"post_tag","embeddable":true,"href":"https:\/\/zsp25.edu.wroclaw.pl\/index.php\/wp-json\/wp\/v2\/tags?post=1743"}],"curies":[{"name":"wp","href":"https:\/\/api.w.org\/{rel}","templated":true}]}}