
{"id":1790,"date":"2024-02-08T10:10:16","date_gmt":"2024-02-08T09:10:16","guid":{"rendered":"https:\/\/zsp25.edu.wroclaw.pl\/?p=1790"},"modified":"2024-02-08T10:11:50","modified_gmt":"2024-02-08T09:11:50","slug":"czas-na-karnawal","status":"publish","type":"post","link":"https:\/\/zsp25.edu.wroclaw.pl\/index.php\/czas-na-karnawal\/2024\/02\/08\/dbabczynska\/","title":{"rendered":"Czas na karnawa\u0142"},"content":{"rendered":"<div><span style=\"font-family: 'times new roman', times, serif\"><strong>Karnawa\u0142<\/strong> to czas hucznie obchodzony w wielu krajach \u015bwiata. Zawsze towarzysz\u0105 mu zabawy, parady uliczne, bale, fiesty oraz czas tworzenie kolorowych masek karnawa\u0142owych. <\/span><span style=\"font-family: 'times new roman', times, serif\">W zwi\u0105zku z trwaj\u0105cym czasem karnawa\u0142u w naszej\u00a0\u00a0szkole zosta\u0142 zorganizowany <strong>konkurs plastyczny dla uczni\u00f3w klas I-III\u00a0 pt. &#8222;Maska karnawa\u0142owa&#8221;<\/strong>. <\/span><span style=\"font-family: 'times new roman', times, serif\">Celem konkursu by\u0142o m.in.: rozwijanie kreatywno\u015bci dzieci poprzez poszukiwanie r\u00f3\u017cnorodnych rozwi\u0105za\u0144 plastycznych, rozbudzanie wyobra\u017ani i zdolno\u015bci manualnych. <\/span><span style=\"font-family: 'times new roman', times, serif\">Prace dzieci w ca\u0142ej szkole udekorowa\u0142y szkolne korytarze. Poni\u017cej galeria zdj\u0119\u0107 prac dzieci oraz wyniki konkursu.\u00a0<\/span><\/div>\n<div><\/div>\n<div style=\"text-align: right\"><strong><span style=\"font-family: 'times new roman', times, serif\">Gabriela Rutkowska<\/span><\/strong><\/div>\n<div><img loading=\"lazy\" decoding=\"async\" class=\"alignnone size-medium wp-image-1791\" src=\"https:\/\/zsp25.edu.wroclaw.pl\/wp-content\/uploads\/sites\/77\/2024\/02\/20240208_062217-225x300.jpg\" alt=\"\" width=\"225\" height=\"300\" srcset=\"https:\/\/zsp25.edu.wroclaw.pl\/wp-content\/uploads\/sites\/77\/2024\/02\/20240208_062217-225x300.jpg 225w, https:\/\/zsp25.edu.wroclaw.pl\/wp-content\/uploads\/sites\/77\/2024\/02\/20240208_062217-rotated.jpg 600w\" sizes=\"auto, (max-width: 225px) 100vw, 225px\" \/> <img loading=\"lazy\" decoding=\"async\" class=\"alignnone size-medium wp-image-1792\" src=\"https:\/\/zsp25.edu.wroclaw.pl\/wp-content\/uploads\/sites\/77\/2024\/02\/20240208_062228-225x300.jpg\" alt=\"\" width=\"225\" height=\"300\" srcset=\"https:\/\/zsp25.edu.wroclaw.pl\/wp-content\/uploads\/sites\/77\/2024\/02\/20240208_062228-225x300.jpg 225w, https:\/\/zsp25.edu.wroclaw.pl\/wp-content\/uploads\/sites\/77\/2024\/02\/20240208_062228-rotated.jpg 600w\" sizes=\"auto, (max-width: 225px) 100vw, 225px\" \/> <img loading=\"lazy\" decoding=\"async\" class=\"alignnone size-medium wp-image-1793\" src=\"https:\/\/zsp25.edu.wroclaw.pl\/wp-content\/uploads\/sites\/77\/2024\/02\/20240208_062737-300x225.jpg\" alt=\"\" width=\"300\" height=\"225\" srcset=\"https:\/\/zsp25.edu.wroclaw.pl\/wp-content\/uploads\/sites\/77\/2024\/02\/20240208_062737-300x225.jpg 300w, https:\/\/zsp25.edu.wroclaw.pl\/wp-content\/uploads\/sites\/77\/2024\/02\/20240208_062737-768x576.jpg 768w, https:\/\/zsp25.edu.wroclaw.pl\/wp-content\/uploads\/sites\/77\/2024\/02\/20240208_062737.jpg 800w\" sizes=\"auto, (max-width: 300px) 100vw, 300px\" \/> <img loading=\"lazy\" decoding=\"async\" class=\"alignnone size-medium wp-image-1794\" src=\"https:\/\/zsp25.edu.wroclaw.pl\/wp-content\/uploads\/sites\/77\/2024\/02\/karnawal-300x225.jpg\" alt=\"\" width=\"300\" height=\"225\" srcset=\"https:\/\/zsp25.edu.wroclaw.pl\/wp-content\/uploads\/sites\/77\/2024\/02\/karnawal-300x225.jpg 300w, https:\/\/zsp25.edu.wroclaw.pl\/wp-content\/uploads\/sites\/77\/2024\/02\/karnawal-768x576.jpg 768w, https:\/\/zsp25.edu.wroclaw.pl\/wp-content\/uploads\/sites\/77\/2024\/02\/karnawal.jpg 800w\" sizes=\"auto, (max-width: 300px) 100vw, 300px\" \/><\/div>\n","protected":false},"excerpt":{"rendered":"<p>Karnawa\u0142 to czas hucznie obchodzony w wielu krajach \u015bwiata. Zawsze towarzysz\u0105 mu zabawy, parady uliczne, bale, fiesty oraz czas tworzenie kolorowych masek karnawa\u0142owych. W zwi\u0105zku z trwaj\u0105cym czasem karnawa\u0142u w [&hellip;]<\/p>\n","protected":false},"author":222,"featured_media":1795,"comment_status":"closed","ping_status":"closed","sticky":false,"template":"","format":"standard","meta":{"footnotes":""},"categories":[1],"tags":[],"class_list":["post-1790","post","type-post","status-publish","format-standard","has-post-thumbnail","hentry","category-aktualnosci","clearfix"],"_links":{"self":[{"href":"https:\/\/zsp25.edu.wroclaw.pl\/index.php\/wp-json\/wp\/v2\/posts\/1790","targetHints":{"allow":["GET"]}}],"collection":[{"href":"https:\/\/zsp25.edu.wroclaw.pl\/index.php\/wp-json\/wp\/v2\/posts"}],"about":[{"href":"https:\/\/zsp25.edu.wroclaw.pl\/index.php\/wp-json\/wp\/v2\/types\/post"}],"author":[{"embeddable":true,"href":"https:\/\/zsp25.edu.wroclaw.pl\/index.php\/wp-json\/wp\/v2\/users\/222"}],"replies":[{"embeddable":true,"href":"https:\/\/zsp25.edu.wroclaw.pl\/index.php\/wp-json\/wp\/v2\/comments?post=1790"}],"version-history":[{"count":2,"href":"https:\/\/zsp25.edu.wroclaw.pl\/index.php\/wp-json\/wp\/v2\/posts\/1790\/revisions"}],"predecessor-version":[{"id":1797,"href":"https:\/\/zsp25.edu.wroclaw.pl\/index.php\/wp-json\/wp\/v2\/posts\/1790\/revisions\/1797"}],"wp:featuredmedia":[{"embeddable":true,"href":"https:\/\/zsp25.edu.wroclaw.pl\/index.php\/wp-json\/wp\/v2\/media\/1795"}],"wp:attachment":[{"href":"https:\/\/zsp25.edu.wroclaw.pl\/index.php\/wp-json\/wp\/v2\/media?parent=1790"}],"wp:term":[{"taxonomy":"category","embeddable":true,"href":"https:\/\/zsp25.edu.wroclaw.pl\/index.php\/wp-json\/wp\/v2\/categories?post=1790"},{"taxonomy":"post_tag","embeddable":true,"href":"https:\/\/zsp25.edu.wroclaw.pl\/index.php\/wp-json\/wp\/v2\/tags?post=1790"}],"curies":[{"name":"wp","href":"https:\/\/api.w.org\/{rel}","templated":true}]}}