
{"id":2104,"date":"2024-02-22T10:03:16","date_gmt":"2024-02-22T09:03:16","guid":{"rendered":"https:\/\/zsp25.edu.wroclaw.pl\/?p=2104"},"modified":"2024-02-22T10:11:08","modified_gmt":"2024-02-22T09:11:08","slug":"uczniowie-klasy-3e-w-starym-ratuszu","status":"publish","type":"post","link":"https:\/\/zsp25.edu.wroclaw.pl\/index.php\/uczniowie-klasy-3e-w-starym-ratuszu\/2024\/02\/22\/dbabczynska\/","title":{"rendered":"Uczniowie klasy 3e w\u00a0Starym Ratuszu"},"content":{"rendered":"<p align=\"justify\"><span style=\"color: #000000;font-family: georgia, palatino, serif;font-size: 16px\"><span style=\"color: #212121\">W czwartek 15 lutego uczniowie <strong>klasy 3e<\/strong> wybrali si\u0119 do <strong>Muzeum Sztuki Mieszcza\u0144skiej<\/strong>, kt\u00f3re mie\u015bci si\u0119 w\u00a0Starym Ratuszu \u2013 jednym z\u00a0najwa\u017cniejszych budynk\u00f3w we Wroc\u0142awiu. Uczniowie mieli okazj\u0119 podziwia\u0107 m.in. Sal\u0119 i\u00a0<\/span><span style=\"color: #212121\"><span lang=\"pt-PT\">Kancelari<\/span><\/span><span style=\"color: #212121\">\u0119 Rady, malarstwo, fotografi\u0119, a tak\u017ce popiersia wybitnych osobisto\u015bci zwi\u0105zanych ze stolic\u0105 Dolnego \u015al\u0105ska.<\/span><\/span><\/p>\n<p style=\"text-align: right\" align=\"justify\"><strong>Judyta Szumna<\/strong><\/p>\n<p align=\"justify\"><img loading=\"lazy\" decoding=\"async\" class=\"alignnone size-medium wp-image-2106\" src=\"https:\/\/zsp25.edu.wroclaw.pl\/wp-content\/uploads\/sites\/77\/2024\/02\/IMG_8416-225x300.jpg\" alt=\"\" width=\"225\" height=\"300\" srcset=\"https:\/\/zsp25.edu.wroclaw.pl\/wp-content\/uploads\/sites\/77\/2024\/02\/IMG_8416-225x300.jpg 225w, https:\/\/zsp25.edu.wroclaw.pl\/wp-content\/uploads\/sites\/77\/2024\/02\/IMG_8416-768x1024.jpg 768w, https:\/\/zsp25.edu.wroclaw.pl\/wp-content\/uploads\/sites\/77\/2024\/02\/IMG_8416.jpg 960w\" sizes=\"auto, (max-width: 225px) 100vw, 225px\" \/> <img loading=\"lazy\" decoding=\"async\" class=\"alignnone size-medium wp-image-2107\" src=\"https:\/\/zsp25.edu.wroclaw.pl\/wp-content\/uploads\/sites\/77\/2024\/02\/IMG_8417-225x300.jpg\" alt=\"\" width=\"225\" height=\"300\" srcset=\"https:\/\/zsp25.edu.wroclaw.pl\/wp-content\/uploads\/sites\/77\/2024\/02\/IMG_8417-225x300.jpg 225w, https:\/\/zsp25.edu.wroclaw.pl\/wp-content\/uploads\/sites\/77\/2024\/02\/IMG_8417-768x1024.jpg 768w, https:\/\/zsp25.edu.wroclaw.pl\/wp-content\/uploads\/sites\/77\/2024\/02\/IMG_8417.jpg 960w\" sizes=\"auto, (max-width: 225px) 100vw, 225px\" \/><\/p>\n","protected":false},"excerpt":{"rendered":"<p>W czwartek 15 lutego uczniowie klasy 3e wybrali si\u0119 do Muzeum Sztuki Mieszcza\u0144skiej, kt\u00f3re mie\u015bci si\u0119 w\u00a0Starym Ratuszu \u2013 jednym z\u00a0najwa\u017cniejszych budynk\u00f3w we Wroc\u0142awiu. Uczniowie mieli okazj\u0119 podziwia\u0107 m.in. Sal\u0119 [&hellip;]<\/p>\n","protected":false},"author":222,"featured_media":2106,"comment_status":"closed","ping_status":"closed","sticky":false,"template":"","format":"standard","meta":{"footnotes":""},"categories":[1],"tags":[],"class_list":["post-2104","post","type-post","status-publish","format-standard","has-post-thumbnail","hentry","category-aktualnosci","clearfix"],"_links":{"self":[{"href":"https:\/\/zsp25.edu.wroclaw.pl\/index.php\/wp-json\/wp\/v2\/posts\/2104","targetHints":{"allow":["GET"]}}],"collection":[{"href":"https:\/\/zsp25.edu.wroclaw.pl\/index.php\/wp-json\/wp\/v2\/posts"}],"about":[{"href":"https:\/\/zsp25.edu.wroclaw.pl\/index.php\/wp-json\/wp\/v2\/types\/post"}],"author":[{"embeddable":true,"href":"https:\/\/zsp25.edu.wroclaw.pl\/index.php\/wp-json\/wp\/v2\/users\/222"}],"replies":[{"embeddable":true,"href":"https:\/\/zsp25.edu.wroclaw.pl\/index.php\/wp-json\/wp\/v2\/comments?post=2104"}],"version-history":[{"count":2,"href":"https:\/\/zsp25.edu.wroclaw.pl\/index.php\/wp-json\/wp\/v2\/posts\/2104\/revisions"}],"predecessor-version":[{"id":2113,"href":"https:\/\/zsp25.edu.wroclaw.pl\/index.php\/wp-json\/wp\/v2\/posts\/2104\/revisions\/2113"}],"wp:featuredmedia":[{"embeddable":true,"href":"https:\/\/zsp25.edu.wroclaw.pl\/index.php\/wp-json\/wp\/v2\/media\/2106"}],"wp:attachment":[{"href":"https:\/\/zsp25.edu.wroclaw.pl\/index.php\/wp-json\/wp\/v2\/media?parent=2104"}],"wp:term":[{"taxonomy":"category","embeddable":true,"href":"https:\/\/zsp25.edu.wroclaw.pl\/index.php\/wp-json\/wp\/v2\/categories?post=2104"},{"taxonomy":"post_tag","embeddable":true,"href":"https:\/\/zsp25.edu.wroclaw.pl\/index.php\/wp-json\/wp\/v2\/tags?post=2104"}],"curies":[{"name":"wp","href":"https:\/\/api.w.org\/{rel}","templated":true}]}}