
{"id":2133,"date":"2024-02-22T10:30:05","date_gmt":"2024-02-22T09:30:05","guid":{"rendered":"https:\/\/zsp25.edu.wroclaw.pl\/?p=2133"},"modified":"2024-02-22T10:30:05","modified_gmt":"2024-02-22T09:30:05","slug":"kl-1e-w-miejskiej-bibliotece-publicznej","status":"publish","type":"post","link":"https:\/\/zsp25.edu.wroclaw.pl\/index.php\/kl-1e-w-miejskiej-bibliotece-publicznej\/2024\/02\/22\/dbabczynska\/","title":{"rendered":"Kl. 1e w Miejskiej Bibliotece Publicznej"},"content":{"rendered":"<p>W ramach obchod\u00f3w Dnia J\u0119zyka Ojczystego kl. I e wybra\u0142a si\u0119 do Miejskiej Biblioteki Publicznej. Uczniowie aktywnie uczestniczyli w warsztatach, podczas kt\u00f3rych poznawali tajniki j\u0119zyka ojczystego.<\/p>\n<p style=\"text-align: right\"><strong>Agnieszka Senderek<\/strong><\/p>\n<div><\/div>\n<div><img loading=\"lazy\" decoding=\"async\" class=\"alignnone size-medium wp-image-2134\" src=\"https:\/\/zsp25.edu.wroclaw.pl\/wp-content\/uploads\/sites\/77\/2024\/02\/1708522185756-300x226.jpg\" alt=\"\" width=\"300\" height=\"226\" srcset=\"https:\/\/zsp25.edu.wroclaw.pl\/wp-content\/uploads\/sites\/77\/2024\/02\/1708522185756-300x226.jpg 300w, https:\/\/zsp25.edu.wroclaw.pl\/wp-content\/uploads\/sites\/77\/2024\/02\/1708522185756-768x578.jpg 768w, https:\/\/zsp25.edu.wroclaw.pl\/wp-content\/uploads\/sites\/77\/2024\/02\/1708522185756.jpg 800w\" sizes=\"auto, (max-width: 300px) 100vw, 300px\" \/> <img loading=\"lazy\" decoding=\"async\" class=\"alignnone size-medium wp-image-2135\" src=\"https:\/\/zsp25.edu.wroclaw.pl\/wp-content\/uploads\/sites\/77\/2024\/02\/1708522185783-226x300.jpg\" alt=\"\" width=\"226\" height=\"300\" srcset=\"https:\/\/zsp25.edu.wroclaw.pl\/wp-content\/uploads\/sites\/77\/2024\/02\/1708522185783-226x300.jpg 226w, https:\/\/zsp25.edu.wroclaw.pl\/wp-content\/uploads\/sites\/77\/2024\/02\/1708522185783.jpg 600w\" sizes=\"auto, (max-width: 226px) 100vw, 226px\" \/> <img loading=\"lazy\" decoding=\"async\" class=\"alignnone size-medium wp-image-2136\" src=\"https:\/\/zsp25.edu.wroclaw.pl\/wp-content\/uploads\/sites\/77\/2024\/02\/1708522185790-300x226.jpg\" alt=\"\" width=\"300\" height=\"226\" srcset=\"https:\/\/zsp25.edu.wroclaw.pl\/wp-content\/uploads\/sites\/77\/2024\/02\/1708522185790-300x226.jpg 300w, https:\/\/zsp25.edu.wroclaw.pl\/wp-content\/uploads\/sites\/77\/2024\/02\/1708522185790-768x578.jpg 768w, https:\/\/zsp25.edu.wroclaw.pl\/wp-content\/uploads\/sites\/77\/2024\/02\/1708522185790.jpg 800w\" sizes=\"auto, (max-width: 300px) 100vw, 300px\" \/><\/div>\n","protected":false},"excerpt":{"rendered":"<p>W ramach obchod\u00f3w Dnia J\u0119zyka Ojczystego kl. I e wybra\u0142a si\u0119 do Miejskiej Biblioteki Publicznej. Uczniowie aktywnie uczestniczyli w warsztatach, podczas kt\u00f3rych poznawali tajniki j\u0119zyka ojczystego. Agnieszka Senderek<\/p>\n","protected":false},"author":222,"featured_media":2137,"comment_status":"closed","ping_status":"closed","sticky":false,"template":"","format":"standard","meta":{"footnotes":""},"categories":[1],"tags":[],"class_list":["post-2133","post","type-post","status-publish","format-standard","has-post-thumbnail","hentry","category-aktualnosci","clearfix"],"_links":{"self":[{"href":"https:\/\/zsp25.edu.wroclaw.pl\/index.php\/wp-json\/wp\/v2\/posts\/2133","targetHints":{"allow":["GET"]}}],"collection":[{"href":"https:\/\/zsp25.edu.wroclaw.pl\/index.php\/wp-json\/wp\/v2\/posts"}],"about":[{"href":"https:\/\/zsp25.edu.wroclaw.pl\/index.php\/wp-json\/wp\/v2\/types\/post"}],"author":[{"embeddable":true,"href":"https:\/\/zsp25.edu.wroclaw.pl\/index.php\/wp-json\/wp\/v2\/users\/222"}],"replies":[{"embeddable":true,"href":"https:\/\/zsp25.edu.wroclaw.pl\/index.php\/wp-json\/wp\/v2\/comments?post=2133"}],"version-history":[{"count":1,"href":"https:\/\/zsp25.edu.wroclaw.pl\/index.php\/wp-json\/wp\/v2\/posts\/2133\/revisions"}],"predecessor-version":[{"id":2138,"href":"https:\/\/zsp25.edu.wroclaw.pl\/index.php\/wp-json\/wp\/v2\/posts\/2133\/revisions\/2138"}],"wp:featuredmedia":[{"embeddable":true,"href":"https:\/\/zsp25.edu.wroclaw.pl\/index.php\/wp-json\/wp\/v2\/media\/2137"}],"wp:attachment":[{"href":"https:\/\/zsp25.edu.wroclaw.pl\/index.php\/wp-json\/wp\/v2\/media?parent=2133"}],"wp:term":[{"taxonomy":"category","embeddable":true,"href":"https:\/\/zsp25.edu.wroclaw.pl\/index.php\/wp-json\/wp\/v2\/categories?post=2133"},{"taxonomy":"post_tag","embeddable":true,"href":"https:\/\/zsp25.edu.wroclaw.pl\/index.php\/wp-json\/wp\/v2\/tags?post=2133"}],"curies":[{"name":"wp","href":"https:\/\/api.w.org\/{rel}","templated":true}]}}