
{"id":2152,"date":"2024-02-23T10:57:04","date_gmt":"2024-02-23T09:57:04","guid":{"rendered":"https:\/\/zsp25.edu.wroclaw.pl\/?p=2152"},"modified":"2024-02-26T07:35:26","modified_gmt":"2024-02-26T06:35:26","slug":"2152","status":"publish","type":"post","link":"https:\/\/zsp25.edu.wroclaw.pl\/index.php\/2152\/2024\/02\/23\/dbabczynska\/","title":{"rendered":"Og\u00f3lnopolski Konkurs &#8222;Bombka \u015awi\u0105teczna&#8221;"},"content":{"rendered":"<p>Z ogromn\u0105 przyjemno\u015bci\u0105 informujemy, \u017ce jeden z naszych wychowank\u00f3w <span style=\"color: #0000ff\"><strong>Wojciech Harazin<\/strong><\/span> z grupy 3 zaj\u0105\u0142 <strong><span style=\"color: #0000ff\">I miejsce<\/span> <\/strong>w Og\u00f3lnopolskim Konkursie\u00a0 &#8222;Bombka \u015awi\u0105teczna&#8221;.<\/p>\n<p><img loading=\"lazy\" decoding=\"async\" class=\"alignnone size-medium wp-image-2153\" src=\"https:\/\/zsp25.edu.wroclaw.pl\/wp-content\/uploads\/sites\/77\/2024\/02\/konkurs-bombka-swiateczna-133x300.jpg\" alt=\"\" width=\"133\" height=\"300\" srcset=\"https:\/\/zsp25.edu.wroclaw.pl\/wp-content\/uploads\/sites\/77\/2024\/02\/konkurs-bombka-swiateczna-133x300.jpg 133w, https:\/\/zsp25.edu.wroclaw.pl\/wp-content\/uploads\/sites\/77\/2024\/02\/konkurs-bombka-swiateczna-453x1024.jpg 453w, https:\/\/zsp25.edu.wroclaw.pl\/wp-content\/uploads\/sites\/77\/2024\/02\/konkurs-bombka-swiateczna-768x1737.jpg 768w, https:\/\/zsp25.edu.wroclaw.pl\/wp-content\/uploads\/sites\/77\/2024\/02\/konkurs-bombka-swiateczna-679x1536.jpg 679w, https:\/\/zsp25.edu.wroclaw.pl\/wp-content\/uploads\/sites\/77\/2024\/02\/konkurs-bombka-swiateczna-906x2048.jpg 906w, https:\/\/zsp25.edu.wroclaw.pl\/wp-content\/uploads\/sites\/77\/2024\/02\/konkurs-bombka-swiateczna-scaled.jpg 1132w\" sizes=\"auto, (max-width: 133px) 100vw, 133px\" \/><\/p>\n<p>&nbsp;<\/p>\n<p>Gratulujemy Wojtusiowi\u00a0 \ud83d\ude42<\/p>\n<p>&nbsp;<\/p>\n<p>&nbsp;<\/p>\n<p>&nbsp;<\/p>\n<p>&nbsp;<\/p>\n<p>&nbsp;<\/p>\n<p>&nbsp;<\/p>\n","protected":false},"excerpt":{"rendered":"<p>Z ogromn\u0105 przyjemno\u015bci\u0105 informujemy, \u017ce jeden z naszych wychowank\u00f3w Wojciech Harazin z grupy 3 zaj\u0105\u0142 I miejsce w Og\u00f3lnopolskim Konkursie\u00a0 &#8222;Bombka \u015awi\u0105teczna&#8221;. &nbsp; Gratulujemy Wojtusiowi\u00a0 \ud83d\ude42 &nbsp; &nbsp; &nbsp; &nbsp; [&hellip;]<\/p>\n","protected":false},"author":222,"featured_media":0,"comment_status":"closed","ping_status":"closed","sticky":false,"template":"","format":"standard","meta":{"footnotes":""},"categories":[14],"tags":[],"class_list":["post-2152","post","type-post","status-publish","format-standard","hentry","category-p111-aktualnosci","clearfix"],"_links":{"self":[{"href":"https:\/\/zsp25.edu.wroclaw.pl\/index.php\/wp-json\/wp\/v2\/posts\/2152","targetHints":{"allow":["GET"]}}],"collection":[{"href":"https:\/\/zsp25.edu.wroclaw.pl\/index.php\/wp-json\/wp\/v2\/posts"}],"about":[{"href":"https:\/\/zsp25.edu.wroclaw.pl\/index.php\/wp-json\/wp\/v2\/types\/post"}],"author":[{"embeddable":true,"href":"https:\/\/zsp25.edu.wroclaw.pl\/index.php\/wp-json\/wp\/v2\/users\/222"}],"replies":[{"embeddable":true,"href":"https:\/\/zsp25.edu.wroclaw.pl\/index.php\/wp-json\/wp\/v2\/comments?post=2152"}],"version-history":[{"count":6,"href":"https:\/\/zsp25.edu.wroclaw.pl\/index.php\/wp-json\/wp\/v2\/posts\/2152\/revisions"}],"predecessor-version":[{"id":2156,"href":"https:\/\/zsp25.edu.wroclaw.pl\/index.php\/wp-json\/wp\/v2\/posts\/2152\/revisions\/2156"}],"wp:attachment":[{"href":"https:\/\/zsp25.edu.wroclaw.pl\/index.php\/wp-json\/wp\/v2\/media?parent=2152"}],"wp:term":[{"taxonomy":"category","embeddable":true,"href":"https:\/\/zsp25.edu.wroclaw.pl\/index.php\/wp-json\/wp\/v2\/categories?post=2152"},{"taxonomy":"post_tag","embeddable":true,"href":"https:\/\/zsp25.edu.wroclaw.pl\/index.php\/wp-json\/wp\/v2\/tags?post=2152"}],"curies":[{"name":"wp","href":"https:\/\/api.w.org\/{rel}","templated":true}]}}