
{"id":2263,"date":"2024-02-27T13:05:32","date_gmt":"2024-02-27T12:05:32","guid":{"rendered":"https:\/\/zsp25.edu.wroclaw.pl\/?p=2263"},"modified":"2024-02-27T13:05:32","modified_gmt":"2024-02-27T12:05:32","slug":"zbiorka-elektrosmieci","status":"publish","type":"post","link":"https:\/\/zsp25.edu.wroclaw.pl\/index.php\/zbiorka-elektrosmieci\/2024\/02\/27\/dbabczynska\/","title":{"rendered":"ZBI\u00d3RKA ELEKTRO\u015aMIECI"},"content":{"rendered":"<p><strong>Drodzy Rodzice,\u00a0<\/strong><\/p>\n<p>nasze przedszkole przyst\u0105pi\u0142o do udzia\u0142u w programie <span><strong><span style=\"color: #008000\">&#8222;Moje miasto bez elektro\u015bmieci&#8221;. <\/span><\/strong><span style=\"color: #000000\">G\u0142\u00f3wnym celem jest edukacja dzieci i ich rodzin z zakresu prawid\u0142owego post\u0119powania ze zu\u017cytym sprz\u0119tem elektrycznym i elektronicznym, w trosce o \u015brodowisko naturalne. Warto\u015bci\u0105 dodan\u0105 s\u0105 punkty za zebrane elektro\u015bmieci wymieniane na pomoce dydaktyczne z &#8222;Katalogu pomocy dydaktycznych&#8221;.\u00a0 Codzienne zbieramy baterie ( wrzucamy do przygotowanego pojemnika) .<\/span><\/span><\/p>\n<p><span><span style=\"color: #000000\">\u00a0 <strong><span style=\"color: #ff0000\">ZBI\u00d3RKA ELEKTRO\u015aMIECI B\u0118DZIE PROWADZONA W FORMIE AKCJI W WYZNACZONYM TERMINIE &#8211; termin przymuszenia sprz\u0119tu zostanie podany do Pa\u0144stwa\u00a0 \u00a0wiadomo\u015bci.\u00a0 <\/span><\/strong><\/span><\/span><\/p>\n<p><span><span style=\"color: #000000\"><span style=\"color: #ff0000\"><span style=\"color: #000000\">Dodatkowe informacje znajduj\u0105 si\u0119 na tablicy og\u0142osze\u0144 w szatni przedszkola oraz koordynatorki projektu p. Natalia z gr. I<\/span><\/span><\/span><\/span><\/p>\n<p>&nbsp;<\/p>\n<p>Zach\u0119camy do aktywnego udzia\u0142u \ud83d\ude42<\/p>\n<p><span style=\"color: #000000\"><span style=\"color: #000000\">\u00a0 \u00a0\u00a0<\/span><\/span><\/p>\n","protected":false},"excerpt":{"rendered":"<p>Drodzy Rodzice,\u00a0 nasze przedszkole przyst\u0105pi\u0142o do udzia\u0142u w programie &#8222;Moje miasto bez elektro\u015bmieci&#8221;. G\u0142\u00f3wnym celem jest edukacja dzieci i ich rodzin z zakresu prawid\u0142owego post\u0119powania ze zu\u017cytym sprz\u0119tem elektrycznym i [&hellip;]<\/p>\n","protected":false},"author":222,"featured_media":2264,"comment_status":"closed","ping_status":"closed","sticky":false,"template":"","format":"standard","meta":{"footnotes":""},"categories":[14],"tags":[],"class_list":["post-2263","post","type-post","status-publish","format-standard","has-post-thumbnail","hentry","category-p111-aktualnosci","clearfix"],"_links":{"self":[{"href":"https:\/\/zsp25.edu.wroclaw.pl\/index.php\/wp-json\/wp\/v2\/posts\/2263","targetHints":{"allow":["GET"]}}],"collection":[{"href":"https:\/\/zsp25.edu.wroclaw.pl\/index.php\/wp-json\/wp\/v2\/posts"}],"about":[{"href":"https:\/\/zsp25.edu.wroclaw.pl\/index.php\/wp-json\/wp\/v2\/types\/post"}],"author":[{"embeddable":true,"href":"https:\/\/zsp25.edu.wroclaw.pl\/index.php\/wp-json\/wp\/v2\/users\/222"}],"replies":[{"embeddable":true,"href":"https:\/\/zsp25.edu.wroclaw.pl\/index.php\/wp-json\/wp\/v2\/comments?post=2263"}],"version-history":[{"count":2,"href":"https:\/\/zsp25.edu.wroclaw.pl\/index.php\/wp-json\/wp\/v2\/posts\/2263\/revisions"}],"predecessor-version":[{"id":2266,"href":"https:\/\/zsp25.edu.wroclaw.pl\/index.php\/wp-json\/wp\/v2\/posts\/2263\/revisions\/2266"}],"wp:featuredmedia":[{"embeddable":true,"href":"https:\/\/zsp25.edu.wroclaw.pl\/index.php\/wp-json\/wp\/v2\/media\/2264"}],"wp:attachment":[{"href":"https:\/\/zsp25.edu.wroclaw.pl\/index.php\/wp-json\/wp\/v2\/media?parent=2263"}],"wp:term":[{"taxonomy":"category","embeddable":true,"href":"https:\/\/zsp25.edu.wroclaw.pl\/index.php\/wp-json\/wp\/v2\/categories?post=2263"},{"taxonomy":"post_tag","embeddable":true,"href":"https:\/\/zsp25.edu.wroclaw.pl\/index.php\/wp-json\/wp\/v2\/tags?post=2263"}],"curies":[{"name":"wp","href":"https:\/\/api.w.org\/{rel}","templated":true}]}}