
{"id":2293,"date":"2024-03-01T11:18:02","date_gmt":"2024-03-01T10:18:02","guid":{"rendered":"https:\/\/zsp25.edu.wroclaw.pl\/?p=2293"},"modified":"2024-03-01T11:47:06","modified_gmt":"2024-03-01T10:47:06","slug":"deklaracja-kontynuacji","status":"publish","type":"post","link":"https:\/\/zsp25.edu.wroclaw.pl\/index.php\/deklaracja-kontynuacji\/2024\/03\/01\/dbabczynska\/","title":{"rendered":"DEKLARACJA KONTYNUACJI"},"content":{"rendered":"<p>Drodzy Rodzice,<\/p>\n<p>od dnia 8 marca ( pi\u0105tek) b\u0119d\u0105 przekazywanie Pa\u0144stwu druki <strong>&#8222;kontynuacji wychowania przedszkolnego&#8221;<\/strong>. Wszyscy, kt\u00f3rzy nadal chc\u0105, aby dziecko kontynuowa\u0142a edukacj\u0119 przedszkoln\u0105 w naszej plac\u00f3wce zobligowani s\u0105 do wype\u0142nienia i z\u0142o\u017cenia druku u nauczycielek grup w <span style=\"color: #ff0000\"><strong>nieprzekraczalnym terminie do 14.03.2024r.<\/strong>\u00a0<\/span><\/p>\n<p><span style=\"color: #ff0000\"><strong>NIEZ\u0141O\u017bENIE DEKLARACJI JEST JEDNOZNACZNE Z REZYGNACJ\u0104 Z MIEJSCA<\/strong>\u00a0<\/span><\/p>\n<p>&nbsp;<\/p>\n<p>Z wyrazami szacunku<\/p>\n<p>wicedyrektor<\/p>\n<p>Marlena Baran<\/p>\n","protected":false},"excerpt":{"rendered":"<p>Drodzy Rodzice, od dnia 8 marca ( pi\u0105tek) b\u0119d\u0105 przekazywanie Pa\u0144stwu druki &#8222;kontynuacji wychowania przedszkolnego&#8221;. Wszyscy, kt\u00f3rzy nadal chc\u0105, aby dziecko kontynuowa\u0142a edukacj\u0119 przedszkoln\u0105 w naszej plac\u00f3wce zobligowani s\u0105 do [&hellip;]<\/p>\n","protected":false},"author":222,"featured_media":2294,"comment_status":"closed","ping_status":"closed","sticky":false,"template":"","format":"standard","meta":{"footnotes":""},"categories":[14],"tags":[],"class_list":["post-2293","post","type-post","status-publish","format-standard","has-post-thumbnail","hentry","category-p111-aktualnosci","clearfix"],"_links":{"self":[{"href":"https:\/\/zsp25.edu.wroclaw.pl\/index.php\/wp-json\/wp\/v2\/posts\/2293","targetHints":{"allow":["GET"]}}],"collection":[{"href":"https:\/\/zsp25.edu.wroclaw.pl\/index.php\/wp-json\/wp\/v2\/posts"}],"about":[{"href":"https:\/\/zsp25.edu.wroclaw.pl\/index.php\/wp-json\/wp\/v2\/types\/post"}],"author":[{"embeddable":true,"href":"https:\/\/zsp25.edu.wroclaw.pl\/index.php\/wp-json\/wp\/v2\/users\/222"}],"replies":[{"embeddable":true,"href":"https:\/\/zsp25.edu.wroclaw.pl\/index.php\/wp-json\/wp\/v2\/comments?post=2293"}],"version-history":[{"count":3,"href":"https:\/\/zsp25.edu.wroclaw.pl\/index.php\/wp-json\/wp\/v2\/posts\/2293\/revisions"}],"predecessor-version":[{"id":2302,"href":"https:\/\/zsp25.edu.wroclaw.pl\/index.php\/wp-json\/wp\/v2\/posts\/2293\/revisions\/2302"}],"wp:featuredmedia":[{"embeddable":true,"href":"https:\/\/zsp25.edu.wroclaw.pl\/index.php\/wp-json\/wp\/v2\/media\/2294"}],"wp:attachment":[{"href":"https:\/\/zsp25.edu.wroclaw.pl\/index.php\/wp-json\/wp\/v2\/media?parent=2293"}],"wp:term":[{"taxonomy":"category","embeddable":true,"href":"https:\/\/zsp25.edu.wroclaw.pl\/index.php\/wp-json\/wp\/v2\/categories?post=2293"},{"taxonomy":"post_tag","embeddable":true,"href":"https:\/\/zsp25.edu.wroclaw.pl\/index.php\/wp-json\/wp\/v2\/tags?post=2293"}],"curies":[{"name":"wp","href":"https:\/\/api.w.org\/{rel}","templated":true}]}}