
{"id":2491,"date":"2024-03-18T07:15:39","date_gmt":"2024-03-18T06:15:39","guid":{"rendered":"https:\/\/zsp25.edu.wroclaw.pl\/?p=2491"},"modified":"2024-03-18T07:15:39","modified_gmt":"2024-03-18T06:15:39","slug":"w-narodowym-forum-muzyki","status":"publish","type":"post","link":"https:\/\/zsp25.edu.wroclaw.pl\/index.php\/w-narodowym-forum-muzyki\/2024\/03\/18\/dbabczynska\/","title":{"rendered":"W Narodowym Forum Muzyki"},"content":{"rendered":"<div><strong>13 marca 2024 r.<\/strong> pierwszy raz wybrali\u015bmy si\u0119 na koncert do <strong>Narodowego Forum Muzyki<\/strong>. Wzi\u0119li\u015bmy udzia\u0142 w pi\u0119knym koncercie pt. <strong><em>Ba\u015b\u0144 orientalna<\/em><\/strong>. To by\u0142a prawdziwa muzyczna podr\u00f3\u017c do odleg\u0142ych zak\u0105tk\u00f3w \u015bwiata. Oczami wyobra\u017ani przenie\u015bli\u015bmy si\u0119 do pa\u0142acu su\u0142tana, a na tureckim targu szukali\u015bmy \u015blad\u00f3w porwanej ksi\u0119\u017cniczki.<br \/>\nMogli\u015bmy pozna\u0107 brzmienie instrument\u00f3w muzycznych wchodz\u0105cych w sk\u0142ad orkiestry symfonicznej. Najbardziej zaciekawi\u0142a nas czelesta oraz \u00a0flet piccolo i ro\u017cek angielski. To one sprawi\u0142y, \u017ce muzyka mia\u0142a orientalny charakter.<br \/>\nBardzo si\u0119 nam podoba\u0142 koncert. Mamy nadziej\u0119, \u017ce p\u00f3jdziemy jeszcze do NFM.<\/div>\n<div style=\"text-align: right\"><\/div>\n<div style=\"text-align: right\"><strong>Klasa przygotowawcza b<\/strong><\/div>\n<div><\/div>\n<div><img loading=\"lazy\" decoding=\"async\" class=\"alignnone size-medium wp-image-2493\" src=\"https:\/\/zsp25.edu.wroclaw.pl\/wp-content\/uploads\/sites\/77\/2024\/03\/IMG_2674-225x300.jpg\" alt=\"\" width=\"225\" height=\"300\" srcset=\"https:\/\/zsp25.edu.wroclaw.pl\/wp-content\/uploads\/sites\/77\/2024\/03\/IMG_2674-225x300.jpg 225w, https:\/\/zsp25.edu.wroclaw.pl\/wp-content\/uploads\/sites\/77\/2024\/03\/IMG_2674-rotated.jpg 600w\" sizes=\"auto, (max-width: 225px) 100vw, 225px\" \/> <img loading=\"lazy\" decoding=\"async\" class=\"alignnone size-medium wp-image-2494\" src=\"https:\/\/zsp25.edu.wroclaw.pl\/wp-content\/uploads\/sites\/77\/2024\/03\/IMG_2675-225x300.jpg\" alt=\"\" width=\"225\" height=\"300\" srcset=\"https:\/\/zsp25.edu.wroclaw.pl\/wp-content\/uploads\/sites\/77\/2024\/03\/IMG_2675-225x300.jpg 225w, https:\/\/zsp25.edu.wroclaw.pl\/wp-content\/uploads\/sites\/77\/2024\/03\/IMG_2675-rotated.jpg 600w\" sizes=\"auto, (max-width: 225px) 100vw, 225px\" \/><\/div>\n","protected":false},"excerpt":{"rendered":"<p>13 marca 2024 r. pierwszy raz wybrali\u015bmy si\u0119 na koncert do Narodowego Forum Muzyki. Wzi\u0119li\u015bmy udzia\u0142 w pi\u0119knym koncercie pt. Ba\u015b\u0144 orientalna. To by\u0142a prawdziwa muzyczna podr\u00f3\u017c do odleg\u0142ych zak\u0105tk\u00f3w [&hellip;]<\/p>\n","protected":false},"author":222,"featured_media":2492,"comment_status":"closed","ping_status":"closed","sticky":false,"template":"","format":"standard","meta":{"footnotes":""},"categories":[1],"tags":[],"class_list":["post-2491","post","type-post","status-publish","format-standard","has-post-thumbnail","hentry","category-aktualnosci","clearfix"],"_links":{"self":[{"href":"https:\/\/zsp25.edu.wroclaw.pl\/index.php\/wp-json\/wp\/v2\/posts\/2491","targetHints":{"allow":["GET"]}}],"collection":[{"href":"https:\/\/zsp25.edu.wroclaw.pl\/index.php\/wp-json\/wp\/v2\/posts"}],"about":[{"href":"https:\/\/zsp25.edu.wroclaw.pl\/index.php\/wp-json\/wp\/v2\/types\/post"}],"author":[{"embeddable":true,"href":"https:\/\/zsp25.edu.wroclaw.pl\/index.php\/wp-json\/wp\/v2\/users\/222"}],"replies":[{"embeddable":true,"href":"https:\/\/zsp25.edu.wroclaw.pl\/index.php\/wp-json\/wp\/v2\/comments?post=2491"}],"version-history":[{"count":1,"href":"https:\/\/zsp25.edu.wroclaw.pl\/index.php\/wp-json\/wp\/v2\/posts\/2491\/revisions"}],"predecessor-version":[{"id":2495,"href":"https:\/\/zsp25.edu.wroclaw.pl\/index.php\/wp-json\/wp\/v2\/posts\/2491\/revisions\/2495"}],"wp:featuredmedia":[{"embeddable":true,"href":"https:\/\/zsp25.edu.wroclaw.pl\/index.php\/wp-json\/wp\/v2\/media\/2492"}],"wp:attachment":[{"href":"https:\/\/zsp25.edu.wroclaw.pl\/index.php\/wp-json\/wp\/v2\/media?parent=2491"}],"wp:term":[{"taxonomy":"category","embeddable":true,"href":"https:\/\/zsp25.edu.wroclaw.pl\/index.php\/wp-json\/wp\/v2\/categories?post=2491"},{"taxonomy":"post_tag","embeddable":true,"href":"https:\/\/zsp25.edu.wroclaw.pl\/index.php\/wp-json\/wp\/v2\/tags?post=2491"}],"curies":[{"name":"wp","href":"https:\/\/api.w.org\/{rel}","templated":true}]}}