
{"id":2815,"date":"2024-04-08T21:36:35","date_gmt":"2024-04-08T19:36:35","guid":{"rendered":"https:\/\/zsp25.edu.wroclaw.pl\/?p=2815"},"modified":"2024-04-08T21:36:35","modified_gmt":"2024-04-08T19:36:35","slug":"bieg-kolorowych-skarpetek","status":"publish","type":"post","link":"https:\/\/zsp25.edu.wroclaw.pl\/index.php\/bieg-kolorowych-skarpetek\/2024\/04\/08\/dbabczynska\/","title":{"rendered":"Bieg Kolorowych Skarpetek"},"content":{"rendered":"<p>Hucznie, ludowo i kolorowo przywitali\u015bmy Pierwszy Dzie\u0144 Wiosny, kt\u00f3ry swoj\u0105 dat\u0119 dzieli z wa\u017cnym wydarzeniem jakim jest <strong>\u015awiatowy Dzie\u0144 Zespo\u0142u Downa.<\/strong><br \/>\nNieprzypadkowo przypada ona na 21. dzie\u0144 3. miesi\u0105ca w roku, poniewa\u017c to w\u0142a\u015bnie dodatkowy trzeci chromosom w 21. parze powoduje wyst\u0119powanie tej wady genetycznej.<br \/>\nWychowawcy i uczniowie<strong> klas 1H oraz 1L<\/strong>, przy wsparciu rodzic\u00f3w dzieci, wzi\u0119li udzia\u0142 w wydarzeniu charytatywnym <strong>Fundacji <em>Co\u015b Dobrego<\/em> &#8211; biegu Kolorowych Skarpet 2024!<\/strong><br \/>\n100% dochodu z biegu zostanie przeznaczone na wsparcie dzia\u0142a\u0144 pomocowych.<br \/>\nPOMAGANIE JEST COOL!<br \/>\nPOMAGAMY!<\/p>\n<p><img loading=\"lazy\" decoding=\"async\" class=\"alignnone size-medium wp-image-2816\" src=\"https:\/\/zsp25.edu.wroclaw.pl\/wp-content\/uploads\/sites\/77\/2024\/04\/20240321_095807-212x300.jpg\" alt=\"\" width=\"212\" height=\"300\" srcset=\"https:\/\/zsp25.edu.wroclaw.pl\/wp-content\/uploads\/sites\/77\/2024\/04\/20240321_095807-212x300.jpg 212w, https:\/\/zsp25.edu.wroclaw.pl\/wp-content\/uploads\/sites\/77\/2024\/04\/20240321_095807.jpg 600w\" sizes=\"auto, (max-width: 212px) 100vw, 212px\" \/> <img loading=\"lazy\" decoding=\"async\" class=\"alignnone size-medium wp-image-2817\" src=\"https:\/\/zsp25.edu.wroclaw.pl\/wp-content\/uploads\/sites\/77\/2024\/04\/20240403_135451-201x300.jpg\" alt=\"\" width=\"201\" height=\"300\" srcset=\"https:\/\/zsp25.edu.wroclaw.pl\/wp-content\/uploads\/sites\/77\/2024\/04\/20240403_135451-201x300.jpg 201w, https:\/\/zsp25.edu.wroclaw.pl\/wp-content\/uploads\/sites\/77\/2024\/04\/20240403_135451.jpg 600w\" sizes=\"auto, (max-width: 201px) 100vw, 201px\" \/><\/p>\n","protected":false},"excerpt":{"rendered":"<p>Hucznie, ludowo i kolorowo przywitali\u015bmy Pierwszy Dzie\u0144 Wiosny, kt\u00f3ry swoj\u0105 dat\u0119 dzieli z wa\u017cnym wydarzeniem jakim jest \u015awiatowy Dzie\u0144 Zespo\u0142u Downa. Nieprzypadkowo przypada ona na 21. dzie\u0144 3. miesi\u0105ca w [&hellip;]<\/p>\n","protected":false},"author":222,"featured_media":2818,"comment_status":"closed","ping_status":"closed","sticky":false,"template":"","format":"standard","meta":{"footnotes":""},"categories":[1],"tags":[],"class_list":["post-2815","post","type-post","status-publish","format-standard","has-post-thumbnail","hentry","category-aktualnosci","clearfix"],"_links":{"self":[{"href":"https:\/\/zsp25.edu.wroclaw.pl\/index.php\/wp-json\/wp\/v2\/posts\/2815","targetHints":{"allow":["GET"]}}],"collection":[{"href":"https:\/\/zsp25.edu.wroclaw.pl\/index.php\/wp-json\/wp\/v2\/posts"}],"about":[{"href":"https:\/\/zsp25.edu.wroclaw.pl\/index.php\/wp-json\/wp\/v2\/types\/post"}],"author":[{"embeddable":true,"href":"https:\/\/zsp25.edu.wroclaw.pl\/index.php\/wp-json\/wp\/v2\/users\/222"}],"replies":[{"embeddable":true,"href":"https:\/\/zsp25.edu.wroclaw.pl\/index.php\/wp-json\/wp\/v2\/comments?post=2815"}],"version-history":[{"count":1,"href":"https:\/\/zsp25.edu.wroclaw.pl\/index.php\/wp-json\/wp\/v2\/posts\/2815\/revisions"}],"predecessor-version":[{"id":2819,"href":"https:\/\/zsp25.edu.wroclaw.pl\/index.php\/wp-json\/wp\/v2\/posts\/2815\/revisions\/2819"}],"wp:featuredmedia":[{"embeddable":true,"href":"https:\/\/zsp25.edu.wroclaw.pl\/index.php\/wp-json\/wp\/v2\/media\/2818"}],"wp:attachment":[{"href":"https:\/\/zsp25.edu.wroclaw.pl\/index.php\/wp-json\/wp\/v2\/media?parent=2815"}],"wp:term":[{"taxonomy":"category","embeddable":true,"href":"https:\/\/zsp25.edu.wroclaw.pl\/index.php\/wp-json\/wp\/v2\/categories?post=2815"},{"taxonomy":"post_tag","embeddable":true,"href":"https:\/\/zsp25.edu.wroclaw.pl\/index.php\/wp-json\/wp\/v2\/tags?post=2815"}],"curies":[{"name":"wp","href":"https:\/\/api.w.org\/{rel}","templated":true}]}}