
{"id":3278,"date":"2024-08-09T12:51:48","date_gmt":"2024-08-09T10:51:48","guid":{"rendered":"https:\/\/zsp25.edu.wroclaw.pl\/?p=3278"},"modified":"2025-04-23T13:35:00","modified_gmt":"2025-04-23T11:35:00","slug":"wielki-maly-przedszkolak","status":"publish","type":"post","link":"https:\/\/zsp25.edu.wroclaw.pl\/index.php\/wielki-maly-przedszkolak\/2024\/08\/09\/dbabczynska\/","title":{"rendered":"WIELKI MA\u0141Y PRZEDSZKOLAK"},"content":{"rendered":"<p><strong>\u201eWielki Ma\u0142y Przedszkolak &#8211; rozw\u00f3j edukacji przedszkolnej w Gminie Wroc\u0142aw\u201d<\/strong><\/p>\n<p>&nbsp;<\/p>\n<p>\u0179r\u00f3d\u0142o finansowania:<\/p>\n<p>Program Fundusze Europejskie dla Dolnego \u015al\u0105ska 2021-2027 wsp\u00f3\u0142finansowany ze \u015brodk\u00f3w Europejskiego Funduszu Spo\u0142ecznego Plus<\/p>\n<p>Priorytet nr 8 Fundusze Europejskie dla edukacji na Dolnym \u015al\u0105sku<\/p>\n<p>Dzia\u0142anie nr FEDS.08.01 Dost\u0119p do edukacji<\/p>\n<p>&nbsp;<\/p>\n<p>Cel projektu:<\/p>\n<p>Zwi\u0119kszenie dost\u0119pno\u015bci miejsc przedszkolnych w 2 przedszkolach oraz podniesienie jako\u015bci<\/p>\n<p>wychowania przedszkolnego w 7 przedszkolach Gminy Wroc\u0142aw<\/p>\n<p>&nbsp;<\/p>\n<p>W Projekcie zosta\u0142y zaplanowane nast\u0119puj\u0105ce dzia\u0142ania:<\/p>\n<ul>\n<li>uruchomienie 175 nowych miejsc przedszkolnych w 2 przedszkolach Gminy Wroc\u0142aw,<\/li>\n<li>organizacja dodatkowych zaj\u0119\u0107 edukacyjnych i specjalistycznych maj\u0105cych na celu rozw\u00f3j dzieci<\/li>\n<\/ul>\n<p>na wczesnym etapie edukacji \u2013 dla 420 dzieci; do realizacji zaj\u0119\u0107 dodatkowych zostan\u0105 zakupione<\/p>\n<p>pomoce dydaktyczne oraz sprz\u0119t specjalistyczny<\/p>\n<ul>\n<li>doskonalenie umiej\u0119tno\u015bci, kompetencji\/kwalifikacji 58 nauczycieli\/ek 7 przedszkoli Gminy<\/li>\n<\/ul>\n<p>Wroc\u0142aw, niezb\u0119dnych do pracy z dzie\u0107mi przedszkolnymi, w tym z dzie\u0107mi ze specjalnymi<\/p>\n<p>potrzebami edukacyjnymi i rozwojowymi.<\/p>\n<p>&nbsp;<\/p>\n<p>Projekt skierowany jest do:<\/p>\n<ul>\n<li>7 przedszkoli z Gminy Wroc\u0142aw,<\/li>\n<li>420 dzieci w wieku przedszkolnym,<\/li>\n<li>58 nauczycieli\/ek zatrudnionych w 7 przedszkolach obj\u0119tych projektem<\/li>\n<\/ul>\n<p>&nbsp;<\/p>\n<p>Ca\u0142kowita warto\u015b\u0107 projektu: 8 275 288,70 z\u0142<\/p>\n<p>Kwota dofinansowania: 6 620 230,96 z\u0142<\/p>\n<p>Wk\u0142ad w\u0142asny: 1 655 057,74 z\u0142<\/p>\n<p>&nbsp;<\/p>\n<p>Termin rozpocz\u0119cia realizacji projektu: 01.09.2023 r.<\/p>\n<p>Termin zako\u0144czenia realizacji projektu: 31.01.2026 r.<\/p>\n<p>&nbsp;<\/p>\n<p>Realizator projektu w imieniu Gminy Wroc\u0142aw:<\/p>\n<p>Centrum Kszta\u0142cenia Zawodowego<\/p>\n<p>&nbsp;<\/p>\n<p>Projekt realizowany jest w oparciu o Standardy dost\u0119pno\u015bci dla polityki sp\u00f3jno\u015bci 2021-2027 stanowi\u0105ce za\u0142\u0105cznik nr 2 do Wytycznych dotycz\u0105cych realizacji zasad r\u00f3wno\u015bciowych w ramach funduszy unijnych na lata 2021-2027.<\/p>\n<p>Ostateczni odbiorcy projektu maj\u0105 mo\u017cliwo\u015b\u0107 pisemnego zg\u0142aszania do Instytucji Zarz\u0105dzaj\u0105cej podejrzenia o niezgodno\u015b\u0107 Projektu lub dzia\u0142a\u0144 Beneficjenta \/Partnera \/Podmiotu upowa\u017cnionego do ponoszenia wydatk\u00f3w z Konwencj\u0105 o prawach os\u00f3b niepe\u0142nosprawnych sporz\u0105dzon\u0105 w Nowym Jorku dnia 13 grudnia 2006 r. oraz Kart\u0105 Praw Podstawowych Unii Europejskiej z dnia 26 pa\u017adziernika 2012 r.<\/p>\n<p><a href=\"https:\/\/zsp25.edu.wroclaw.pl\/wp-content\/uploads\/sites\/77\/2024\/08\/PlakatA3-FEDDS_kz.pdf\">PlakatA3-FEDDS_kz<\/a><\/p>\n<p>&nbsp;<\/p>\n","protected":false},"excerpt":{"rendered":"<p>\u201eWielki Ma\u0142y Przedszkolak &#8211; rozw\u00f3j edukacji przedszkolnej w Gminie Wroc\u0142aw\u201d<br \/>\n\u0179r\u00f3d\u0142o finansowania:<br \/>\nProgram Fundusze Europejskie dla Dolnego \u015al\u0105ska 2021-2027 wsp\u00f3\u0142finansowany ze \u015brodk\u00f3w Europejskiego Funduszu Spo\u0142ecznego Plus<br \/>\nPriorytet nr 8 Fundusze Europejskie dla edukacji na Dolnym \u015al\u0105sku<br \/>\nDzia\u0142anie nr FEDS.08.01 Dost\u0119p do edukacji<\/p>\n","protected":false},"author":222,"featured_media":3282,"comment_status":"closed","ping_status":"closed","sticky":false,"template":"","format":"standard","meta":{"footnotes":""},"categories":[14,19],"tags":[],"class_list":["post-3278","post","type-post","status-publish","format-standard","has-post-thumbnail","hentry","category-p111-aktualnosci","category-strona-glowna","clearfix"],"_links":{"self":[{"href":"https:\/\/zsp25.edu.wroclaw.pl\/index.php\/wp-json\/wp\/v2\/posts\/3278","targetHints":{"allow":["GET"]}}],"collection":[{"href":"https:\/\/zsp25.edu.wroclaw.pl\/index.php\/wp-json\/wp\/v2\/posts"}],"about":[{"href":"https:\/\/zsp25.edu.wroclaw.pl\/index.php\/wp-json\/wp\/v2\/types\/post"}],"author":[{"embeddable":true,"href":"https:\/\/zsp25.edu.wroclaw.pl\/index.php\/wp-json\/wp\/v2\/users\/222"}],"replies":[{"embeddable":true,"href":"https:\/\/zsp25.edu.wroclaw.pl\/index.php\/wp-json\/wp\/v2\/comments?post=3278"}],"version-history":[{"count":3,"href":"https:\/\/zsp25.edu.wroclaw.pl\/index.php\/wp-json\/wp\/v2\/posts\/3278\/revisions"}],"predecessor-version":[{"id":5461,"href":"https:\/\/zsp25.edu.wroclaw.pl\/index.php\/wp-json\/wp\/v2\/posts\/3278\/revisions\/5461"}],"wp:featuredmedia":[{"embeddable":true,"href":"https:\/\/zsp25.edu.wroclaw.pl\/index.php\/wp-json\/wp\/v2\/media\/3282"}],"wp:attachment":[{"href":"https:\/\/zsp25.edu.wroclaw.pl\/index.php\/wp-json\/wp\/v2\/media?parent=3278"}],"wp:term":[{"taxonomy":"category","embeddable":true,"href":"https:\/\/zsp25.edu.wroclaw.pl\/index.php\/wp-json\/wp\/v2\/categories?post=3278"},{"taxonomy":"post_tag","embeddable":true,"href":"https:\/\/zsp25.edu.wroclaw.pl\/index.php\/wp-json\/wp\/v2\/tags?post=3278"}],"curies":[{"name":"wp","href":"https:\/\/api.w.org\/{rel}","templated":true}]}}