
{"id":3283,"date":"2024-08-13T08:42:56","date_gmt":"2024-08-13T06:42:56","guid":{"rendered":"https:\/\/zsp25.edu.wroclaw.pl\/?p=3283"},"modified":"2024-08-13T08:42:56","modified_gmt":"2024-08-13T06:42:56","slug":"wyprawka-dla-przedszkolaka","status":"publish","type":"post","link":"https:\/\/zsp25.edu.wroclaw.pl\/index.php\/wyprawka-dla-przedszkolaka\/2024\/08\/13\/dbabczynska\/","title":{"rendered":"WYPRAWKA DLA PRZEDSZKOLAKA"},"content":{"rendered":"<p>Drodzy Rodzice dzieci grup 3 latk\u00f3w<\/p>\n<p>W dniu 2 wrze\u015bnia o godz. 9.00 odb\u0119d\u0105 si\u0119 zaj\u0119cia adaptacyjne w grupach. Ka\u017cdemu dziecku\u00a0 podczas\u00a0 zaj\u0119\u0107 mo\u017ce towarzyszy\u0107 <span style=\"color: #ff0000\"><strong>jeden<\/strong><\/span> rodzic. Przypominamy, \u017ce przedszkole pracuje w godz. 7.00 &#8211; 17.00 , dzieci tego dnia mog\u0105 przyj\u015b\u0107 ju\u017c o godz. 7.00 lub z rodzicem na godz. 9.00. Poni\u017cej informacja dotycz\u0105ca niezb\u0119dnych rzeczy.<\/p>\n<p><strong><span style=\"color: #0000ff\">WYPRAWKA:<\/span><\/strong><\/p>\n<ol>\n<li>Komplet ubranek na zmian\u0119 &#8211; wygodnych, \u0142atwych do samodzielnego za\u0142o\u017cenia przez dziecko. W przypadku dzieci ,kt\u00f3re nie opanowa\u0142y jeszcze\u00a0 treningu czysto\u015bci prosimy o wi\u0119ksz\u0105 ilo\u015b\u0107 rzeczy na zmian\u0119:-<\/li>\n<\/ol>\n<ul>\n<li>bielizna 9 majtki\/skarpetki\/rajstopy)<\/li>\n<li>spodnie\/legginsy\/sp\u00f3dniczka)<\/li>\n<li>bluzka z kr\u00f3tkim i d\u0142ugim r\u0119kawem<\/li>\n<li>bluza\/sweter<\/li>\n<li>str\u00f3j gimnastyczny &#8211; legginsy\/szorty i wygodna koszulka w podpisanym worku<\/li>\n<\/ul>\n<p>2. Suche i mokre chusteczki<\/p>\n<p>3. Poduszka typu &#8222;jasiek&#8221; i ma\u0142y kocyk<\/p>\n<p>4. Dziecko mo\u017ce mie\u0107 ze sob\u0105 ulubion\u0105\u00a0 przytulank\u0119<\/p>\n<p>&nbsp;<\/p>\n<p><strong><span style=\"color: #ff0000\">PROSIMY, ABY WSZYSTKIE RZECZY DZIECI BY\u0141Y PODPISANE\u00a0<\/span><\/strong><\/p>\n","protected":false},"excerpt":{"rendered":"<p>Drodzy Rodzice dzieci grup 3 latk\u00f3w W dniu 2 wrze\u015bnia o godz. 9.00 odb\u0119d\u0105 si\u0119 zaj\u0119cia adaptacyjne w grupach. Ka\u017cdemu dziecku\u00a0 podczas\u00a0 zaj\u0119\u0107 mo\u017ce towarzyszy\u0107 jeden rodzic. Przypominamy, \u017ce przedszkole [&hellip;]<\/p>\n","protected":false},"author":222,"featured_media":3284,"comment_status":"closed","ping_status":"closed","sticky":false,"template":"","format":"standard","meta":{"footnotes":""},"categories":[14],"tags":[],"class_list":["post-3283","post","type-post","status-publish","format-standard","has-post-thumbnail","hentry","category-p111-aktualnosci","clearfix"],"_links":{"self":[{"href":"https:\/\/zsp25.edu.wroclaw.pl\/index.php\/wp-json\/wp\/v2\/posts\/3283","targetHints":{"allow":["GET"]}}],"collection":[{"href":"https:\/\/zsp25.edu.wroclaw.pl\/index.php\/wp-json\/wp\/v2\/posts"}],"about":[{"href":"https:\/\/zsp25.edu.wroclaw.pl\/index.php\/wp-json\/wp\/v2\/types\/post"}],"author":[{"embeddable":true,"href":"https:\/\/zsp25.edu.wroclaw.pl\/index.php\/wp-json\/wp\/v2\/users\/222"}],"replies":[{"embeddable":true,"href":"https:\/\/zsp25.edu.wroclaw.pl\/index.php\/wp-json\/wp\/v2\/comments?post=3283"}],"version-history":[{"count":2,"href":"https:\/\/zsp25.edu.wroclaw.pl\/index.php\/wp-json\/wp\/v2\/posts\/3283\/revisions"}],"predecessor-version":[{"id":3286,"href":"https:\/\/zsp25.edu.wroclaw.pl\/index.php\/wp-json\/wp\/v2\/posts\/3283\/revisions\/3286"}],"wp:featuredmedia":[{"embeddable":true,"href":"https:\/\/zsp25.edu.wroclaw.pl\/index.php\/wp-json\/wp\/v2\/media\/3284"}],"wp:attachment":[{"href":"https:\/\/zsp25.edu.wroclaw.pl\/index.php\/wp-json\/wp\/v2\/media?parent=3283"}],"wp:term":[{"taxonomy":"category","embeddable":true,"href":"https:\/\/zsp25.edu.wroclaw.pl\/index.php\/wp-json\/wp\/v2\/categories?post=3283"},{"taxonomy":"post_tag","embeddable":true,"href":"https:\/\/zsp25.edu.wroclaw.pl\/index.php\/wp-json\/wp\/v2\/tags?post=3283"}],"curies":[{"name":"wp","href":"https:\/\/api.w.org\/{rel}","templated":true}]}}