
{"id":3511,"date":"2024-09-29T20:34:11","date_gmt":"2024-09-29T18:34:11","guid":{"rendered":"https:\/\/zsp25.edu.wroclaw.pl\/?p=3511"},"modified":"2024-09-29T20:34:11","modified_gmt":"2024-09-29T18:34:11","slug":"swiatowy-dzien-pierwszej-pomocy","status":"publish","type":"post","link":"https:\/\/zsp25.edu.wroclaw.pl\/index.php\/swiatowy-dzien-pierwszej-pomocy\/2024\/09\/29\/dbabczynska\/","title":{"rendered":"\u015awiatowy Dzie\u0144 Pierwszej Pomocy"},"content":{"rendered":"<p><strong>\u015awiatowy Dzie\u0144 Pierwszej Pomocy<\/strong> obchodzony zawsze w drug\u0105 sobot\u0119 wrze\u015bnia to \u015bwi\u0119to celebrowane od 2000 r., a zainicjowane przez Mi\u0119dzynarodowy Ruch Czerwonego Krzy\u017ca. \u015awi\u0119to to ma na celu u\u015bwiadomienie, jak wa\u017cna jest umiej\u0119tno\u015b\u0107 udzielenia pierwszej pomocy. Z tej okazji nasi uczniowie mieli mo\u017cliwo\u015b\u0107, opr\u00f3cz znanej im ju\u017c teorii, naby\u0107 umiej\u0119tno\u015bci praktyczne. W \u015brod\u0119 <strong>18 wrze\u015bnia<\/strong> ch\u0119tni uczniowie na przerwach mogli odwiedzi\u0107 sal\u0119 1.47, w kt\u00f3rej czeka\u0142 na nich fantom oraz zestaw banda\u017cy, opatrunk\u00f3w. Mogli zatem po\u0107wiczy\u0107 prawid\u0142owe banda\u017cowanie, od\u015bwie\u017cy\u0107 wiedz\u0119 z zakresu udzielania pierwszej pomocy oraz wykona\u0107 RKO.<\/p>\n<p>Drodzy uczniowie jeste\u015bmy z Was bardzo dumne! Nie by\u0142o osoby, kt\u00f3ra nie wiedzia\u0142aby, jak post\u0105pi\u0107 w przypadku zauwa\u017cania nieprzytomnej osoby, jakie informacje nale\u017cy poda\u0107 przy zg\u0142aszaniu wypadku oraz jak udzieli\u0107 pierwszej pomocy. Z banda\u017cami radzicie sobie r\u00f3wnie\u017c \u015bwietnie! Chylimy czo\u0142a przed waszym zaanga\u017cowaniem i determinacj\u0105, aby resuscytacj\u0119 kr\u0105\u017ceniowo-oddechow\u0105 wykona\u0107 prawid\u0142owo! Brawo! Bardzo si\u0119 cieszymy, \u017ce finalnie wszystkim si\u0119 uda\u0142o! I pami\u0119tajcie&#8230;.\u015bpiewamy !<\/p>\n<p><em>Whether you&#8217;re a brother or whether you&#8217;re a mother<\/em><br \/>\n<em>You&#8217;re stayin&#8217; alive, stayin&#8217; alive<\/em><br \/>\n<em>Feel the city breakin&#8217; and everybody shakin&#8217;<\/em><br \/>\n<em>And we&#8217;re stayin&#8217; alive, stayin&#8217; alive<\/em><br \/>\n<em>Ah, ha, ha, ha, stayin&#8217; alive, stayin&#8217; alive<\/em><br \/>\n<em>Ah, ha, ha, ha, stayin&#8217; alive<\/em><br \/>\n<em>Oh, when you walk<\/em><\/p>\n<p>Obiecujemy nasz\u0105 akcj\u0119 powtarza\u0107 cz\u0119\u015bciej!<\/p>\n<p style=\"text-align: right\"><strong>Alicja Majcherek<\/strong><br \/>\n<strong>Katarzyna Szczurek<\/strong><\/p>\n<p><img loading=\"lazy\" decoding=\"async\" class=\"alignnone size-medium wp-image-3512\" src=\"https:\/\/zsp25.edu.wroclaw.pl\/wp-content\/uploads\/sites\/77\/2024\/09\/IMG-20240918-WA0023-225x300.jpg\" alt=\"\" width=\"225\" height=\"300\" srcset=\"https:\/\/zsp25.edu.wroclaw.pl\/wp-content\/uploads\/sites\/77\/2024\/09\/IMG-20240918-WA0023-225x300.jpg 225w, https:\/\/zsp25.edu.wroclaw.pl\/wp-content\/uploads\/sites\/77\/2024\/09\/IMG-20240918-WA0023.jpg 640w\" sizes=\"auto, (max-width: 225px) 100vw, 225px\" \/>\u00a0 <img loading=\"lazy\" decoding=\"async\" class=\"alignnone size-medium wp-image-3514\" src=\"https:\/\/zsp25.edu.wroclaw.pl\/wp-content\/uploads\/sites\/77\/2024\/09\/IMG_20240918_095101431-1-225x300.jpg\" alt=\"\" width=\"225\" height=\"300\" srcset=\"https:\/\/zsp25.edu.wroclaw.pl\/wp-content\/uploads\/sites\/77\/2024\/09\/IMG_20240918_095101431-1-225x300.jpg 225w, https:\/\/zsp25.edu.wroclaw.pl\/wp-content\/uploads\/sites\/77\/2024\/09\/IMG_20240918_095101431-1.jpg 600w\" sizes=\"auto, (max-width: 225px) 100vw, 225px\" \/> <img loading=\"lazy\" decoding=\"async\" class=\"alignnone size-medium wp-image-3515\" src=\"https:\/\/zsp25.edu.wroclaw.pl\/wp-content\/uploads\/sites\/77\/2024\/09\/IMG_20240918_084824421-226x300.jpg\" alt=\"\" width=\"226\" height=\"300\" srcset=\"https:\/\/zsp25.edu.wroclaw.pl\/wp-content\/uploads\/sites\/77\/2024\/09\/IMG_20240918_084824421-226x300.jpg 226w, https:\/\/zsp25.edu.wroclaw.pl\/wp-content\/uploads\/sites\/77\/2024\/09\/IMG_20240918_084824421.jpg 600w\" sizes=\"auto, (max-width: 226px) 100vw, 226px\" \/><\/p>\n","protected":false},"excerpt":{"rendered":"<p>\u015awiatowy Dzie\u0144 Pierwszej Pomocy obchodzony zawsze w drug\u0105 sobot\u0119 wrze\u015bnia to \u015bwi\u0119to celebrowane od 2000 r., a zainicjowane przez Mi\u0119dzynarodowy Ruch Czerwonego Krzy\u017ca. \u015awi\u0119to to ma na celu u\u015bwiadomienie, jak [&hellip;]<\/p>\n","protected":false},"author":222,"featured_media":3513,"comment_status":"closed","ping_status":"closed","sticky":false,"template":"","format":"standard","meta":{"footnotes":""},"categories":[1],"tags":[],"class_list":["post-3511","post","type-post","status-publish","format-standard","has-post-thumbnail","hentry","category-aktualnosci","clearfix"],"_links":{"self":[{"href":"https:\/\/zsp25.edu.wroclaw.pl\/index.php\/wp-json\/wp\/v2\/posts\/3511","targetHints":{"allow":["GET"]}}],"collection":[{"href":"https:\/\/zsp25.edu.wroclaw.pl\/index.php\/wp-json\/wp\/v2\/posts"}],"about":[{"href":"https:\/\/zsp25.edu.wroclaw.pl\/index.php\/wp-json\/wp\/v2\/types\/post"}],"author":[{"embeddable":true,"href":"https:\/\/zsp25.edu.wroclaw.pl\/index.php\/wp-json\/wp\/v2\/users\/222"}],"replies":[{"embeddable":true,"href":"https:\/\/zsp25.edu.wroclaw.pl\/index.php\/wp-json\/wp\/v2\/comments?post=3511"}],"version-history":[{"count":2,"href":"https:\/\/zsp25.edu.wroclaw.pl\/index.php\/wp-json\/wp\/v2\/posts\/3511\/revisions"}],"predecessor-version":[{"id":3517,"href":"https:\/\/zsp25.edu.wroclaw.pl\/index.php\/wp-json\/wp\/v2\/posts\/3511\/revisions\/3517"}],"wp:featuredmedia":[{"embeddable":true,"href":"https:\/\/zsp25.edu.wroclaw.pl\/index.php\/wp-json\/wp\/v2\/media\/3513"}],"wp:attachment":[{"href":"https:\/\/zsp25.edu.wroclaw.pl\/index.php\/wp-json\/wp\/v2\/media?parent=3511"}],"wp:term":[{"taxonomy":"category","embeddable":true,"href":"https:\/\/zsp25.edu.wroclaw.pl\/index.php\/wp-json\/wp\/v2\/categories?post=3511"},{"taxonomy":"post_tag","embeddable":true,"href":"https:\/\/zsp25.edu.wroclaw.pl\/index.php\/wp-json\/wp\/v2\/tags?post=3511"}],"curies":[{"name":"wp","href":"https:\/\/api.w.org\/{rel}","templated":true}]}}