
{"id":3642,"date":"2024-10-09T08:30:00","date_gmt":"2024-10-09T06:30:00","guid":{"rendered":"https:\/\/zsp25.edu.wroclaw.pl\/?p=3642"},"modified":"2024-10-21T22:34:24","modified_gmt":"2024-10-21T20:34:24","slug":"dzien-jablka","status":"publish","type":"post","link":"https:\/\/zsp25.edu.wroclaw.pl\/index.php\/dzien-jablka\/2024\/10\/09\/dbabczynska\/","title":{"rendered":"Dzie\u0144 Jab\u0142ka"},"content":{"rendered":"<p style=\"text-align: left\"><strong>\u201eJesieni\u0105, jesieni\u0105 sady si\u0119 rumieni\u0105\u201d<\/strong><br \/>\nNa powitanie jesieni w naszej \u015bwietlicy obchodzili\u015bmy 27 wrze\u015bnia <strong>\u015awiatowy Dzie\u0144 Jab\u0142ka.<\/strong> Celem zaj\u0119\u0107 by\u0142o zach\u0119cenie dzieci do spo\u017cywania jab\u0142ek i ich przetwor\u00f3w jako \u017ar\u00f3d\u0142a witamin, a tak\u017ce kszta\u0142towanie nawyku zdrowego od\u017cywiania si\u0119. \u015awi\u0119towanie rozpocz\u0119\u0142o si\u0119 od bli\u017cszego poznania tego smacznego owocu poprzez s\u0142uchanie piosenek oraz rozwi\u0105zywanie quiz\u00f3w. Podsumowaniem zaj\u0119\u0107 by\u0142o wykonanie przez dzieci pi\u0119knych prac plastycznych, kt\u00f3re mo\u017cna podziwia\u0107 w holu szko\u0142y.<\/p>\n<p style=\"text-align: right\"><strong>Judyta Szumna<\/strong><\/p>\n<p>\u00a0<img loading=\"lazy\" decoding=\"async\" class=\"alignnone size-medium wp-image-3644\" src=\"https:\/\/zsp25.edu.wroclaw.pl\/wp-content\/uploads\/sites\/77\/2024\/10\/image1-225x300.jpg\" alt=\"\" width=\"225\" height=\"300\" srcset=\"https:\/\/zsp25.edu.wroclaw.pl\/wp-content\/uploads\/sites\/77\/2024\/10\/image1-225x300.jpg 225w, https:\/\/zsp25.edu.wroclaw.pl\/wp-content\/uploads\/sites\/77\/2024\/10\/image1-rotated.jpg 600w\" sizes=\"auto, (max-width: 225px) 100vw, 225px\" \/> <img loading=\"lazy\" decoding=\"async\" class=\"alignnone size-medium wp-image-3645\" src=\"https:\/\/zsp25.edu.wroclaw.pl\/wp-content\/uploads\/sites\/77\/2024\/10\/image2-225x300.jpg\" alt=\"\" width=\"225\" height=\"300\" srcset=\"https:\/\/zsp25.edu.wroclaw.pl\/wp-content\/uploads\/sites\/77\/2024\/10\/image2-225x300.jpg 225w, https:\/\/zsp25.edu.wroclaw.pl\/wp-content\/uploads\/sites\/77\/2024\/10\/image2-rotated.jpg 600w\" sizes=\"auto, (max-width: 225px) 100vw, 225px\" \/><\/p>\n","protected":false},"excerpt":{"rendered":"<p>\u201eJesieni\u0105, jesieni\u0105 sady si\u0119 rumieni\u0105\u201d Na powitanie jesieni w naszej \u015bwietlicy obchodzili\u015bmy 27 wrze\u015bnia \u015awiatowy Dzie\u0144 Jab\u0142ka. Celem zaj\u0119\u0107 by\u0142o zach\u0119cenie dzieci do spo\u017cywania jab\u0142ek i ich przetwor\u00f3w jako \u017ar\u00f3d\u0142a [&hellip;]<\/p>\n","protected":false},"author":222,"featured_media":3643,"comment_status":"closed","ping_status":"closed","sticky":false,"template":"","format":"standard","meta":{"footnotes":""},"categories":[1,17],"tags":[],"class_list":["post-3642","post","type-post","status-publish","format-standard","has-post-thumbnail","hentry","category-aktualnosci","category-swietlica","clearfix"],"_links":{"self":[{"href":"https:\/\/zsp25.edu.wroclaw.pl\/index.php\/wp-json\/wp\/v2\/posts\/3642","targetHints":{"allow":["GET"]}}],"collection":[{"href":"https:\/\/zsp25.edu.wroclaw.pl\/index.php\/wp-json\/wp\/v2\/posts"}],"about":[{"href":"https:\/\/zsp25.edu.wroclaw.pl\/index.php\/wp-json\/wp\/v2\/types\/post"}],"author":[{"embeddable":true,"href":"https:\/\/zsp25.edu.wroclaw.pl\/index.php\/wp-json\/wp\/v2\/users\/222"}],"replies":[{"embeddable":true,"href":"https:\/\/zsp25.edu.wroclaw.pl\/index.php\/wp-json\/wp\/v2\/comments?post=3642"}],"version-history":[{"count":2,"href":"https:\/\/zsp25.edu.wroclaw.pl\/index.php\/wp-json\/wp\/v2\/posts\/3642\/revisions"}],"predecessor-version":[{"id":3745,"href":"https:\/\/zsp25.edu.wroclaw.pl\/index.php\/wp-json\/wp\/v2\/posts\/3642\/revisions\/3745"}],"wp:featuredmedia":[{"embeddable":true,"href":"https:\/\/zsp25.edu.wroclaw.pl\/index.php\/wp-json\/wp\/v2\/media\/3643"}],"wp:attachment":[{"href":"https:\/\/zsp25.edu.wroclaw.pl\/index.php\/wp-json\/wp\/v2\/media?parent=3642"}],"wp:term":[{"taxonomy":"category","embeddable":true,"href":"https:\/\/zsp25.edu.wroclaw.pl\/index.php\/wp-json\/wp\/v2\/categories?post=3642"},{"taxonomy":"post_tag","embeddable":true,"href":"https:\/\/zsp25.edu.wroclaw.pl\/index.php\/wp-json\/wp\/v2\/tags?post=3642"}],"curies":[{"name":"wp","href":"https:\/\/api.w.org\/{rel}","templated":true}]}}