
{"id":3805,"date":"2024-10-23T22:38:15","date_gmt":"2024-10-23T20:38:15","guid":{"rendered":"https:\/\/zsp25.edu.wroclaw.pl\/?p=3805"},"modified":"2024-10-24T09:41:02","modified_gmt":"2024-10-24T07:41:02","slug":"dzien-edukacji-narodowej","status":"publish","type":"post","link":"https:\/\/zsp25.edu.wroclaw.pl\/index.php\/dzien-edukacji-narodowej\/2024\/10\/23\/dbabczynska\/","title":{"rendered":"Dzie\u0144 Edukacji Narodowej"},"content":{"rendered":"<p><strong>Dzie\u0144 Edukacji Narodowej<\/strong> to polskie \u015bwi\u0119to o\u015bwiaty i szkolnictwa wy\u017cszego ustanowione 27 kwietnia 1792 r.\u00a0\u00a0\u015awi\u0119to to uroczy\u015bcie obchodzone w ka\u017cdej plac\u00f3wce o\u015bwiatowej upami\u0119tnia rocznic\u0119 powstania Komisji Edukacji Narodowej, kt\u00f3ra zosta\u0142a utworzona z inicjatywy kr\u00f3la Stanis\u0142awa Augusta Poniatowskiego. W naszej szkole uroczyste obchody zaplanowano na\u00a0 11 pa\u017adziernika, kiedy to odby\u0142y si\u0119 apele, w kt\u00f3rych uczestniczyli wszyscy obecni w szkole nauczyciele i uczniowie.\u00a0<strong>Za spraw\u0105 p. Szuty-Musia\u0142, p. Senderek i p. Godlejewskiej-Pi\u0105tek<\/strong>\u00a0 podczas uroczysto\u015bci dla <strong>klas 1-3<\/strong> Szkolna Akademia Filmowa rozda\u0142a Oscary ! Natomiast <strong>klasy 4-7<\/strong> pozna\u0142y humorystyczn\u0105 histori\u0119 stworzenia nauczyciela oraz jego losy na przestrzeni lat widziane oczami<strong> p. Majcherek i p. Szczurek<\/strong>. Obie panie przygotowa\u0142y r\u00f3wnie\u017c gazetk\u0119, kt\u00f3ra opr\u00f3cz najwa\u017cniejszych informacji dotycz\u0105cych obchodzonego \u015bwi\u0119ta by\u0142a r\u00f3wnie\u017c jedn\u0105 wielk\u0105 kartk\u0105 z \u017cyczeniami dla kadry i pracownik\u00f3w szko\u0142y. Dodatkowo atrakcj\u0105, wywo\u0142uj\u0105c\u0105 u\u015bmiech na twarzy zar\u00f3wno uczni\u00f3w, go\u015bci jak i nauczycieli, by\u0142a galeria mem\u00f3w zwi\u0105zanych z prac\u0105 nauczyciela. Ca\u0142o\u015b\u0107 dope\u0142ni\u0142y portrety nauczycieli wykonane przez uczni\u00f3w pod okiem<strong> p. Burycz<\/strong>.<\/p>\n<p><img loading=\"lazy\" decoding=\"async\" class=\"size-medium wp-image-3807\" src=\"https:\/\/zsp25.edu.wroclaw.pl\/wp-content\/uploads\/sites\/77\/2024\/10\/100_0007-300x225.jpg\" alt=\"\" width=\"300\" height=\"225\" srcset=\"https:\/\/zsp25.edu.wroclaw.pl\/wp-content\/uploads\/sites\/77\/2024\/10\/100_0007-300x225.jpg 300w, https:\/\/zsp25.edu.wroclaw.pl\/wp-content\/uploads\/sites\/77\/2024\/10\/100_0007-768x576.jpg 768w, https:\/\/zsp25.edu.wroclaw.pl\/wp-content\/uploads\/sites\/77\/2024\/10\/100_0007.jpg 800w\" sizes=\"auto, (max-width: 300px) 100vw, 300px\" \/><\/p>\n<p>&nbsp;<\/p>\n<p>&nbsp;<\/p>\n<p><img loading=\"lazy\" decoding=\"async\" class=\"alignnone size-medium wp-image-3812\" src=\"https:\/\/zsp25.edu.wroclaw.pl\/wp-content\/uploads\/sites\/77\/2024\/10\/IMG_20241011_142255158_HDR-226x300.jpg\" alt=\"\" width=\"226\" height=\"300\" srcset=\"https:\/\/zsp25.edu.wroclaw.pl\/wp-content\/uploads\/sites\/77\/2024\/10\/IMG_20241011_142255158_HDR-226x300.jpg 226w, https:\/\/zsp25.edu.wroclaw.pl\/wp-content\/uploads\/sites\/77\/2024\/10\/IMG_20241011_142255158_HDR-771x1024.jpg 771w, https:\/\/zsp25.edu.wroclaw.pl\/wp-content\/uploads\/sites\/77\/2024\/10\/IMG_20241011_142255158_HDR-768x1020.jpg 768w, https:\/\/zsp25.edu.wroclaw.pl\/wp-content\/uploads\/sites\/77\/2024\/10\/IMG_20241011_142255158_HDR.jpg 800w\" sizes=\"auto, (max-width: 226px) 100vw, 226px\" \/> <img loading=\"lazy\" decoding=\"async\" class=\"alignnone size-medium wp-image-3813\" src=\"https:\/\/zsp25.edu.wroclaw.pl\/wp-content\/uploads\/sites\/77\/2024\/10\/IMG_20241011_142306039-226x300.jpg\" alt=\"\" width=\"226\" height=\"300\" srcset=\"https:\/\/zsp25.edu.wroclaw.pl\/wp-content\/uploads\/sites\/77\/2024\/10\/IMG_20241011_142306039-226x300.jpg 226w, https:\/\/zsp25.edu.wroclaw.pl\/wp-content\/uploads\/sites\/77\/2024\/10\/IMG_20241011_142306039-771x1024.jpg 771w, https:\/\/zsp25.edu.wroclaw.pl\/wp-content\/uploads\/sites\/77\/2024\/10\/IMG_20241011_142306039-768x1020.jpg 768w, https:\/\/zsp25.edu.wroclaw.pl\/wp-content\/uploads\/sites\/77\/2024\/10\/IMG_20241011_142306039.jpg 800w\" sizes=\"auto, (max-width: 226px) 100vw, 226px\" \/> <img loading=\"lazy\" decoding=\"async\" class=\"alignnone size-medium wp-image-3814\" src=\"https:\/\/zsp25.edu.wroclaw.pl\/wp-content\/uploads\/sites\/77\/2024\/10\/IMG_20241016_074548576-300x226.jpg\" alt=\"\" width=\"300\" height=\"226\" srcset=\"https:\/\/zsp25.edu.wroclaw.pl\/wp-content\/uploads\/sites\/77\/2024\/10\/IMG_20241016_074548576-300x226.jpg 300w, https:\/\/zsp25.edu.wroclaw.pl\/wp-content\/uploads\/sites\/77\/2024\/10\/IMG_20241016_074548576-768x578.jpg 768w, https:\/\/zsp25.edu.wroclaw.pl\/wp-content\/uploads\/sites\/77\/2024\/10\/IMG_20241016_074548576.jpg 800w\" sizes=\"auto, (max-width: 300px) 100vw, 300px\" \/> <img loading=\"lazy\" decoding=\"async\" class=\"alignnone size-medium wp-image-3815\" src=\"https:\/\/zsp25.edu.wroclaw.pl\/wp-content\/uploads\/sites\/77\/2024\/10\/IMG_20241016_074606666-300x226.jpg\" alt=\"\" width=\"300\" height=\"226\" srcset=\"https:\/\/zsp25.edu.wroclaw.pl\/wp-content\/uploads\/sites\/77\/2024\/10\/IMG_20241016_074606666-300x226.jpg 300w, https:\/\/zsp25.edu.wroclaw.pl\/wp-content\/uploads\/sites\/77\/2024\/10\/IMG_20241016_074606666-768x578.jpg 768w, https:\/\/zsp25.edu.wroclaw.pl\/wp-content\/uploads\/sites\/77\/2024\/10\/IMG_20241016_074606666.jpg 800w\" sizes=\"auto, (max-width: 300px) 100vw, 300px\" \/><\/p>\n","protected":false},"excerpt":{"rendered":"<p>Dzie\u0144 Edukacji Narodowej to polskie \u015bwi\u0119to o\u015bwiaty i szkolnictwa wy\u017cszego ustanowione 27 kwietnia 1792 r.\u00a0\u00a0\u015awi\u0119to to uroczy\u015bcie obchodzone w ka\u017cdej plac\u00f3wce o\u015bwiatowej upami\u0119tnia rocznic\u0119 powstania Komisji Edukacji Narodowej, kt\u00f3ra zosta\u0142a [&hellip;]<\/p>\n","protected":false},"author":222,"featured_media":3806,"comment_status":"closed","ping_status":"closed","sticky":false,"template":"","format":"standard","meta":{"footnotes":""},"categories":[1],"tags":[],"class_list":["post-3805","post","type-post","status-publish","format-standard","has-post-thumbnail","hentry","category-aktualnosci","clearfix"],"_links":{"self":[{"href":"https:\/\/zsp25.edu.wroclaw.pl\/index.php\/wp-json\/wp\/v2\/posts\/3805","targetHints":{"allow":["GET"]}}],"collection":[{"href":"https:\/\/zsp25.edu.wroclaw.pl\/index.php\/wp-json\/wp\/v2\/posts"}],"about":[{"href":"https:\/\/zsp25.edu.wroclaw.pl\/index.php\/wp-json\/wp\/v2\/types\/post"}],"author":[{"embeddable":true,"href":"https:\/\/zsp25.edu.wroclaw.pl\/index.php\/wp-json\/wp\/v2\/users\/222"}],"replies":[{"embeddable":true,"href":"https:\/\/zsp25.edu.wroclaw.pl\/index.php\/wp-json\/wp\/v2\/comments?post=3805"}],"version-history":[{"count":2,"href":"https:\/\/zsp25.edu.wroclaw.pl\/index.php\/wp-json\/wp\/v2\/posts\/3805\/revisions"}],"predecessor-version":[{"id":3817,"href":"https:\/\/zsp25.edu.wroclaw.pl\/index.php\/wp-json\/wp\/v2\/posts\/3805\/revisions\/3817"}],"wp:featuredmedia":[{"embeddable":true,"href":"https:\/\/zsp25.edu.wroclaw.pl\/index.php\/wp-json\/wp\/v2\/media\/3806"}],"wp:attachment":[{"href":"https:\/\/zsp25.edu.wroclaw.pl\/index.php\/wp-json\/wp\/v2\/media?parent=3805"}],"wp:term":[{"taxonomy":"category","embeddable":true,"href":"https:\/\/zsp25.edu.wroclaw.pl\/index.php\/wp-json\/wp\/v2\/categories?post=3805"},{"taxonomy":"post_tag","embeddable":true,"href":"https:\/\/zsp25.edu.wroclaw.pl\/index.php\/wp-json\/wp\/v2\/tags?post=3805"}],"curies":[{"name":"wp","href":"https:\/\/api.w.org\/{rel}","templated":true}]}}