
{"id":3946,"date":"2024-11-05T18:46:20","date_gmt":"2024-11-05T17:46:20","guid":{"rendered":"https:\/\/zsp25.edu.wroclaw.pl\/?p=3946"},"modified":"2024-11-05T18:46:37","modified_gmt":"2024-11-05T17:46:37","slug":"tydzien-uczniowskiej-supermocy","status":"publish","type":"post","link":"https:\/\/zsp25.edu.wroclaw.pl\/index.php\/tydzien-uczniowskiej-supermocy\/2024\/11\/05\/dbabczynska\/","title":{"rendered":"Tydzie\u0144 Uczniowskiej SuperMocy"},"content":{"rendered":"<p><strong>Tydzie\u0144 Uczniowskiej SuperMocy\u00a0<\/strong> zorganizowany w dniach <strong>21-25 pa\u017adziernika<\/strong>, to tydzie\u0144, podczas kt\u00f3rego w naszej szkole w spos\u00f3b szczeg\u00f3lny k\u0142adli\u015bmy nacisk na to, aby nasi uczniowie mieli szans\u0119 pozna\u0107 siebie oraz swoje mocne strony.<\/p>\n<div><span style=\"color: #292929;font-family: georgia, palatino, serif\">W ramach og\u00f3lnopolskiego projektu, w kt\u00f3rym udzia\u0142 wzi\u0119\u0142o kilkaset szk\u00f3\u0142, uda\u0142o nam si\u0119 zrealizowa\u0107 nast\u0119puj\u0105ce zadania:<\/span><\/div>\n<div>*Dali\u015bmy dzieciom skrzyd\u0142a! &#8211;\u00a0 Uczniowie zostali poproszeni o wykonanie pi\u00f3r, na kt\u00f3rych mieli napisa\u0107 swoje mocne strony. Ich ilo\u015b\u0107 i staranno\u015b\u0107 wykonania bardzo mnie zaskoczy\u0142a! Przygotowanie skrzyde\u0142 trwa\u0142o kilka godzin, co tylko pi\u0119knie potwierdza, jak zdolnych i utalentowanych mamy uczni\u00f3w! Brawo!<\/div>\n<div>*W holu szko\u0142y pojawi\u0142a si\u0119 osobliwa, wyj\u0105tkowa gazetka, przedstawiaj\u0105ca osob\u0119, kt\u00f3ra jest mi\u0119dzy innymi super, fantastyczna, zdolna, pewna siebie. Pozytywnych cech tej osoby by\u0142o oczywi\u015bcie du\u017co wi\u0119cej, a t\u0105 osob\u0105 m\u00f3g\u0142 by\u0107 ka\u017cdy z nas, dlatego \u017ce wszystkie cechy wypisane by\u0142y wok\u00f3\u0142 lustra, w kt\u00f3rym mogli\u015bmy si\u0119 przejrze\u0107.<\/div>\n<div>* W szkole pojawi\u0142y si\u0119 baloniki z has\u0142ami motywacyjnymi, wszak warto motywowa\u0107 si\u0119 do dzia\u0142ania ka\u017cdego dnia, w r\u00f3\u017cny spos\u00f3b. Uda\u0142o si\u0119 Wam znale\u017a\u0107 i przeczyta\u0107 wszystkie baloniki?<\/div>\n<div>* Ch\u0119tne klasy przygotowa\u0142y drzewa talent\u00f3w, kt\u00f3re wraz z biegiem czasu, mam nadziej\u0119, pi\u0119knie nam rozkwitn\u0105, b\u0119d\u0105 si\u0119 powi\u0119ksza\u0142y! Ka\u017cdego dnia uczymy si\u0119 czego\u015b nowego, mo\u017ce w\u0142a\u015bnie dzisiaj odkryjesz sw\u00f3j nowy talent?<\/div>\n<div>*Koniec tygodnia umila\u0142y nam natomiast piosenki, dzi\u0119ki kt\u00f3rym chce nam si\u0119 wi\u0119cej! Dzi\u0119ki kt\u00f3rym, mo\u017cemy wszystko! Jak nie my, to kto?<\/div>\n<div>Wszystkim zaanga\u017cowanym uczniom i nauczycielom bardzo dzi\u0119kuje!<\/div>\n<div><\/div>\n<div style=\"text-align: right\"><strong>Alicja Majcherek<\/strong><\/div>\n<div><\/div>\n<div><img loading=\"lazy\" decoding=\"async\" class=\"alignnone size-medium wp-image-3947\" src=\"https:\/\/zsp25.edu.wroclaw.pl\/wp-content\/uploads\/sites\/77\/2024\/11\/IMG_20241023_134323207-300x226.jpg\" alt=\"\" width=\"300\" height=\"226\" srcset=\"https:\/\/zsp25.edu.wroclaw.pl\/wp-content\/uploads\/sites\/77\/2024\/11\/IMG_20241023_134323207-300x226.jpg 300w, https:\/\/zsp25.edu.wroclaw.pl\/wp-content\/uploads\/sites\/77\/2024\/11\/IMG_20241023_134323207-768x578.jpg 768w, https:\/\/zsp25.edu.wroclaw.pl\/wp-content\/uploads\/sites\/77\/2024\/11\/IMG_20241023_134323207.jpg 800w\" sizes=\"auto, (max-width: 300px) 100vw, 300px\" \/> <img loading=\"lazy\" decoding=\"async\" class=\"alignnone size-medium wp-image-3948\" src=\"https:\/\/zsp25.edu.wroclaw.pl\/wp-content\/uploads\/sites\/77\/2024\/11\/IMG_20241023_134429047-1-226x300.jpg\" alt=\"\" width=\"226\" height=\"300\" srcset=\"https:\/\/zsp25.edu.wroclaw.pl\/wp-content\/uploads\/sites\/77\/2024\/11\/IMG_20241023_134429047-1-226x300.jpg 226w, https:\/\/zsp25.edu.wroclaw.pl\/wp-content\/uploads\/sites\/77\/2024\/11\/IMG_20241023_134429047-1.jpg 640w\" sizes=\"auto, (max-width: 226px) 100vw, 226px\" \/> <img loading=\"lazy\" decoding=\"async\" class=\"alignnone size-medium wp-image-3949\" src=\"https:\/\/zsp25.edu.wroclaw.pl\/wp-content\/uploads\/sites\/77\/2024\/11\/IMG_20241023_134609266-226x300.jpg\" alt=\"\" width=\"226\" height=\"300\" srcset=\"https:\/\/zsp25.edu.wroclaw.pl\/wp-content\/uploads\/sites\/77\/2024\/11\/IMG_20241023_134609266-226x300.jpg 226w, https:\/\/zsp25.edu.wroclaw.pl\/wp-content\/uploads\/sites\/77\/2024\/11\/IMG_20241023_134609266.jpg 640w\" sizes=\"auto, (max-width: 226px) 100vw, 226px\" \/><\/div>\n","protected":false},"excerpt":{"rendered":"<p>Tydzie\u0144 Uczniowskiej SuperMocy\u00a0 zorganizowany w dniach 21-25 pa\u017adziernika, to tydzie\u0144, podczas kt\u00f3rego w naszej szkole w spos\u00f3b szczeg\u00f3lny k\u0142adli\u015bmy nacisk na to, aby nasi uczniowie mieli szans\u0119 pozna\u0107 siebie oraz [&hellip;]<\/p>\n","protected":false},"author":222,"featured_media":3950,"comment_status":"closed","ping_status":"closed","sticky":false,"template":"","format":"standard","meta":{"footnotes":""},"categories":[1],"tags":[],"class_list":["post-3946","post","type-post","status-publish","format-standard","has-post-thumbnail","hentry","category-aktualnosci","clearfix"],"_links":{"self":[{"href":"https:\/\/zsp25.edu.wroclaw.pl\/index.php\/wp-json\/wp\/v2\/posts\/3946","targetHints":{"allow":["GET"]}}],"collection":[{"href":"https:\/\/zsp25.edu.wroclaw.pl\/index.php\/wp-json\/wp\/v2\/posts"}],"about":[{"href":"https:\/\/zsp25.edu.wroclaw.pl\/index.php\/wp-json\/wp\/v2\/types\/post"}],"author":[{"embeddable":true,"href":"https:\/\/zsp25.edu.wroclaw.pl\/index.php\/wp-json\/wp\/v2\/users\/222"}],"replies":[{"embeddable":true,"href":"https:\/\/zsp25.edu.wroclaw.pl\/index.php\/wp-json\/wp\/v2\/comments?post=3946"}],"version-history":[{"count":1,"href":"https:\/\/zsp25.edu.wroclaw.pl\/index.php\/wp-json\/wp\/v2\/posts\/3946\/revisions"}],"predecessor-version":[{"id":3951,"href":"https:\/\/zsp25.edu.wroclaw.pl\/index.php\/wp-json\/wp\/v2\/posts\/3946\/revisions\/3951"}],"wp:featuredmedia":[{"embeddable":true,"href":"https:\/\/zsp25.edu.wroclaw.pl\/index.php\/wp-json\/wp\/v2\/media\/3950"}],"wp:attachment":[{"href":"https:\/\/zsp25.edu.wroclaw.pl\/index.php\/wp-json\/wp\/v2\/media?parent=3946"}],"wp:term":[{"taxonomy":"category","embeddable":true,"href":"https:\/\/zsp25.edu.wroclaw.pl\/index.php\/wp-json\/wp\/v2\/categories?post=3946"},{"taxonomy":"post_tag","embeddable":true,"href":"https:\/\/zsp25.edu.wroclaw.pl\/index.php\/wp-json\/wp\/v2\/tags?post=3946"}],"curies":[{"name":"wp","href":"https:\/\/api.w.org\/{rel}","templated":true}]}}