
{"id":4117,"date":"2024-11-13T09:39:25","date_gmt":"2024-11-13T08:39:25","guid":{"rendered":"https:\/\/zsp25.edu.wroclaw.pl\/?p=4117"},"modified":"2024-11-13T09:39:25","modified_gmt":"2024-11-13T08:39:25","slug":"program-akademia-krokieta-i-lamy","status":"publish","type":"post","link":"https:\/\/zsp25.edu.wroclaw.pl\/index.php\/program-akademia-krokieta-i-lamy\/2024\/11\/13\/dbabczynska\/","title":{"rendered":"Program &#8222;Akademia Krokieta i Lamy&#8221;"},"content":{"rendered":"<p>Nasza szko\u0142a uczestniczy w programie <em><strong>Akademii Krokieta i Lamy<\/strong><\/em>, kt\u00f3rej celem jest promowanie edukacji w ruchu.<br \/>\nMisj\u0105 Akademii jest zapewnienie uczniom wielu okazji do aktywno\u015bci fizycznej w ci\u0105gu dnia, aby wykorzysta\u0107 ich nadmiar energii w spos\u00f3b po\u017cyteczny i tw\u00f3rczy. To nie tylko doskona\u0142a zabawa, ale tak\u017ce spos\u00f3b na nauk\u0119 i recepta na nud\u0119! Dzi\u0119ki materia\u0142om i propozycjom dostarczanym przez Akademi\u0119, uczniowie maj\u0105 szans\u0119 na roz\u0142adowanie napi\u0119cia, poprawienie humoru oraz integracj\u0119 z r\u00f3wie\u015bnikami.<br \/>\nAktywno\u015b\u0107 fizyczna to co\u015b wi\u0119cej ni\u017c tylko lekcje WF i gimnastyka. To spos\u00f3b na lepsze samopoczucie, rozw\u00f3j umiej\u0119tno\u015bci spo\u0142ecznych i zdrowy styl \u017cycia. W naszej szkole stawiamy na wszechstronny rozw\u00f3j, \u0142\u0105cz\u0105c nauk\u0119 z ruchem i dobr\u0105 zabaw\u0105!<\/p>\n<p style=\"text-align: right\"><strong>Daria \u017babska<\/strong><\/p>\n<p><img loading=\"lazy\" decoding=\"async\" class=\"alignnone size-medium wp-image-4118\" src=\"https:\/\/zsp25.edu.wroclaw.pl\/wp-content\/uploads\/sites\/77\/2024\/11\/OIP-1-300x224.jpeg\" alt=\"\" width=\"300\" height=\"224\" srcset=\"https:\/\/zsp25.edu.wroclaw.pl\/wp-content\/uploads\/sites\/77\/2024\/11\/OIP-1-300x224.jpeg 300w, https:\/\/zsp25.edu.wroclaw.pl\/wp-content\/uploads\/sites\/77\/2024\/11\/OIP-1.jpeg 313w\" sizes=\"auto, (max-width: 300px) 100vw, 300px\" \/><\/p>\n","protected":false},"excerpt":{"rendered":"<p>Nasza szko\u0142a uczestniczy w programie Akademii Krokieta i Lamy, kt\u00f3rej celem jest promowanie edukacji w ruchu. Misj\u0105 Akademii jest zapewnienie uczniom wielu okazji do aktywno\u015bci fizycznej w ci\u0105gu dnia, aby [&hellip;]<\/p>\n","protected":false},"author":222,"featured_media":4119,"comment_status":"closed","ping_status":"closed","sticky":false,"template":"","format":"standard","meta":{"footnotes":""},"categories":[1,17],"tags":[],"class_list":["post-4117","post","type-post","status-publish","format-standard","has-post-thumbnail","hentry","category-aktualnosci","category-swietlica","clearfix"],"_links":{"self":[{"href":"https:\/\/zsp25.edu.wroclaw.pl\/index.php\/wp-json\/wp\/v2\/posts\/4117","targetHints":{"allow":["GET"]}}],"collection":[{"href":"https:\/\/zsp25.edu.wroclaw.pl\/index.php\/wp-json\/wp\/v2\/posts"}],"about":[{"href":"https:\/\/zsp25.edu.wroclaw.pl\/index.php\/wp-json\/wp\/v2\/types\/post"}],"author":[{"embeddable":true,"href":"https:\/\/zsp25.edu.wroclaw.pl\/index.php\/wp-json\/wp\/v2\/users\/222"}],"replies":[{"embeddable":true,"href":"https:\/\/zsp25.edu.wroclaw.pl\/index.php\/wp-json\/wp\/v2\/comments?post=4117"}],"version-history":[{"count":1,"href":"https:\/\/zsp25.edu.wroclaw.pl\/index.php\/wp-json\/wp\/v2\/posts\/4117\/revisions"}],"predecessor-version":[{"id":4120,"href":"https:\/\/zsp25.edu.wroclaw.pl\/index.php\/wp-json\/wp\/v2\/posts\/4117\/revisions\/4120"}],"wp:featuredmedia":[{"embeddable":true,"href":"https:\/\/zsp25.edu.wroclaw.pl\/index.php\/wp-json\/wp\/v2\/media\/4119"}],"wp:attachment":[{"href":"https:\/\/zsp25.edu.wroclaw.pl\/index.php\/wp-json\/wp\/v2\/media?parent=4117"}],"wp:term":[{"taxonomy":"category","embeddable":true,"href":"https:\/\/zsp25.edu.wroclaw.pl\/index.php\/wp-json\/wp\/v2\/categories?post=4117"},{"taxonomy":"post_tag","embeddable":true,"href":"https:\/\/zsp25.edu.wroclaw.pl\/index.php\/wp-json\/wp\/v2\/tags?post=4117"}],"curies":[{"name":"wp","href":"https:\/\/api.w.org\/{rel}","templated":true}]}}