
{"id":4162,"date":"2024-11-20T09:07:53","date_gmt":"2024-11-20T08:07:53","guid":{"rendered":"https:\/\/zsp25.edu.wroclaw.pl\/?p=4162"},"modified":"2024-11-20T09:07:53","modified_gmt":"2024-11-20T08:07:53","slug":"swiatowy-dzien-wczesniaka","status":"publish","type":"post","link":"https:\/\/zsp25.edu.wroclaw.pl\/index.php\/swiatowy-dzien-wczesniaka\/2024\/11\/20\/dbabczynska\/","title":{"rendered":"\u015awiatowy Dzie\u0144 Wcze\u015bniaka"},"content":{"rendered":"<p><strong>17 listopada<\/strong> obchodzony jest <strong>\u015awiatowy Dzie\u0144 Wcze\u015bniaka<\/strong>.\u00a0Jest to wyj\u0105tkowa okazja, aby pokaza\u0107 wsparcie najm\u0142odszym bohaterom \u2013 wcze\u015bniakom, hospitalizowanym niemowl\u0119tom oraz ich rodzinom, a przy okazji wspom\u00f3c zbi\u00f3rk\u0119 na zakup sprz\u0119tu medycznego dla niemowl\u0105t. W tym roku nasza szko\u0142a do\u0142\u0105czy\u0142a wi\u0119c do akcji\u00a0 <strong>#fioletowelove2024<\/strong> promowanej przez Fundacj\u0119\u00a0OliEdu.<\/p>\n<p>Akcja uzyska\u0142a\u00a0<strong>honorowe patronaty 14 prezydent\u00f3w miast oraz 5 kurator\u00f3w o\u015bwiaty<\/strong>, co dodatkowo podkre\u015bla jej rang\u0119 i znaczenie. S\u0142owa wsparcia dla dzia\u0142a\u0144 \u00a0fundacji od ka\u017cdego z prezydent\u00f3w i kurator\u00f3w mo\u017cna zobaczy\u0107 na stronie\u00a0<a href=\"http:\/\/www.oliedu.pl\/\" data-saferedirecturl=\"https:\/\/www.google.com\/url?q=http:\/\/www.oliedu.pl\/&amp;source=gmail&amp;ust=1732176169727000&amp;usg=AOvVaw2qYA1dFh2HOHD9oCXFWPev\">www.oliedu.pl<\/a>\u00a0w zak\u0142adce. Wiele os\u00f3b pojawi\u0142o si\u0119 w sieci z #fioletovelowe i zach\u0119ca\u0142a do zbi\u00f3rki na rzecz najm\u0142odszych, my r\u00f3wnie\u017c zach\u0119camy do odwiedzenia strony fundacji!<\/p>\n<p>W akcie solidarno\u015bci z maluszkami\u00a0 <strong>18 listopada ubrali\u015bmy si\u0119 na fioletowo oraz nasi uczniowie przygotowali fioletowe serca!<\/strong><\/p>\n<p>Na lekcjach \u00a0przeprowadzono z\u00a0 dzie\u0107mi pogadanki, w ostatnich dniach analizowano wierszyk <em>Kangurek Oli<\/em> oraz\u00a0 <em>Opowiadanie o Narodzinach Wcze\u015bniaka Kangurek Oli<\/em>, wykonali\u015bmy r\u00f3\u017cne karty pracy &#8211; wszystko w celu og\u00f3lnego przybli\u017cenia i om\u00f3wienia z dzie\u0107mi tematu wcze\u015bniactwa, kt\u00f3re dotyczy wielu z ich r\u00f3wie\u015bnik\u00f3w \u2013 wszak 1 na 10 os\u00f3b rodzi si\u0119 przedwcze\u015bnie!<\/p>\n<p>Dzi\u0119kuje za udzia\u0142 w akcji!<\/p>\n<p style=\"text-align: right\"><strong>Alicja Majcherek<\/strong><\/p>\n<p><img loading=\"lazy\" decoding=\"async\" class=\"alignnone size-medium wp-image-4163\" src=\"https:\/\/zsp25.edu.wroclaw.pl\/wp-content\/uploads\/sites\/77\/2024\/11\/IMG_20241118_085339406-226x300.jpg\" alt=\"\" width=\"226\" height=\"300\" srcset=\"https:\/\/zsp25.edu.wroclaw.pl\/wp-content\/uploads\/sites\/77\/2024\/11\/IMG_20241118_085339406-226x300.jpg 226w, https:\/\/zsp25.edu.wroclaw.pl\/wp-content\/uploads\/sites\/77\/2024\/11\/IMG_20241118_085339406-rotated.jpg 600w\" sizes=\"auto, (max-width: 226px) 100vw, 226px\" \/> <img loading=\"lazy\" decoding=\"async\" class=\"alignnone size-medium wp-image-4165\" src=\"https:\/\/zsp25.edu.wroclaw.pl\/wp-content\/uploads\/sites\/77\/2024\/11\/IMG_20241118_113714229_HDR-226x300.jpg\" alt=\"\" width=\"226\" height=\"300\" srcset=\"https:\/\/zsp25.edu.wroclaw.pl\/wp-content\/uploads\/sites\/77\/2024\/11\/IMG_20241118_113714229_HDR-226x300.jpg 226w, https:\/\/zsp25.edu.wroclaw.pl\/wp-content\/uploads\/sites\/77\/2024\/11\/IMG_20241118_113714229_HDR-rotated.jpg 600w\" sizes=\"auto, (max-width: 226px) 100vw, 226px\" \/> <img loading=\"lazy\" decoding=\"async\" class=\"alignnone size-medium wp-image-4166\" src=\"https:\/\/zsp25.edu.wroclaw.pl\/wp-content\/uploads\/sites\/77\/2024\/11\/IMG_20241118_131053433-226x300.jpg\" alt=\"\" width=\"226\" height=\"300\" srcset=\"https:\/\/zsp25.edu.wroclaw.pl\/wp-content\/uploads\/sites\/77\/2024\/11\/IMG_20241118_131053433-226x300.jpg 226w, https:\/\/zsp25.edu.wroclaw.pl\/wp-content\/uploads\/sites\/77\/2024\/11\/IMG_20241118_131053433-rotated.jpg 600w\" sizes=\"auto, (max-width: 226px) 100vw, 226px\" \/> <img loading=\"lazy\" decoding=\"async\" class=\"alignnone size-medium wp-image-4167\" src=\"https:\/\/zsp25.edu.wroclaw.pl\/wp-content\/uploads\/sites\/77\/2024\/11\/IMG-20241118-WA0040-169x300.jpg\" alt=\"\" width=\"169\" height=\"300\" srcset=\"https:\/\/zsp25.edu.wroclaw.pl\/wp-content\/uploads\/sites\/77\/2024\/11\/IMG-20241118-WA0040-169x300.jpg 169w, https:\/\/zsp25.edu.wroclaw.pl\/wp-content\/uploads\/sites\/77\/2024\/11\/IMG-20241118-WA0040-576x1024.jpg 576w, https:\/\/zsp25.edu.wroclaw.pl\/wp-content\/uploads\/sites\/77\/2024\/11\/IMG-20241118-WA0040.jpg 600w\" sizes=\"auto, (max-width: 169px) 100vw, 169px\" \/><\/p>\n","protected":false},"excerpt":{"rendered":"<p>17 listopada obchodzony jest \u015awiatowy Dzie\u0144 Wcze\u015bniaka.\u00a0Jest to wyj\u0105tkowa okazja, aby pokaza\u0107 wsparcie najm\u0142odszym bohaterom \u2013 wcze\u015bniakom, hospitalizowanym niemowl\u0119tom oraz ich rodzinom, a przy okazji wspom\u00f3c zbi\u00f3rk\u0119 na zakup sprz\u0119tu [&hellip;]<\/p>\n","protected":false},"author":222,"featured_media":4164,"comment_status":"closed","ping_status":"closed","sticky":false,"template":"","format":"standard","meta":{"footnotes":""},"categories":[1],"tags":[],"class_list":["post-4162","post","type-post","status-publish","format-standard","has-post-thumbnail","hentry","category-aktualnosci","clearfix"],"_links":{"self":[{"href":"https:\/\/zsp25.edu.wroclaw.pl\/index.php\/wp-json\/wp\/v2\/posts\/4162","targetHints":{"allow":["GET"]}}],"collection":[{"href":"https:\/\/zsp25.edu.wroclaw.pl\/index.php\/wp-json\/wp\/v2\/posts"}],"about":[{"href":"https:\/\/zsp25.edu.wroclaw.pl\/index.php\/wp-json\/wp\/v2\/types\/post"}],"author":[{"embeddable":true,"href":"https:\/\/zsp25.edu.wroclaw.pl\/index.php\/wp-json\/wp\/v2\/users\/222"}],"replies":[{"embeddable":true,"href":"https:\/\/zsp25.edu.wroclaw.pl\/index.php\/wp-json\/wp\/v2\/comments?post=4162"}],"version-history":[{"count":1,"href":"https:\/\/zsp25.edu.wroclaw.pl\/index.php\/wp-json\/wp\/v2\/posts\/4162\/revisions"}],"predecessor-version":[{"id":4168,"href":"https:\/\/zsp25.edu.wroclaw.pl\/index.php\/wp-json\/wp\/v2\/posts\/4162\/revisions\/4168"}],"wp:featuredmedia":[{"embeddable":true,"href":"https:\/\/zsp25.edu.wroclaw.pl\/index.php\/wp-json\/wp\/v2\/media\/4164"}],"wp:attachment":[{"href":"https:\/\/zsp25.edu.wroclaw.pl\/index.php\/wp-json\/wp\/v2\/media?parent=4162"}],"wp:term":[{"taxonomy":"category","embeddable":true,"href":"https:\/\/zsp25.edu.wroclaw.pl\/index.php\/wp-json\/wp\/v2\/categories?post=4162"},{"taxonomy":"post_tag","embeddable":true,"href":"https:\/\/zsp25.edu.wroclaw.pl\/index.php\/wp-json\/wp\/v2\/tags?post=4162"}],"curies":[{"name":"wp","href":"https:\/\/api.w.org\/{rel}","templated":true}]}}