
{"id":4285,"date":"2024-11-28T10:55:41","date_gmt":"2024-11-28T09:55:41","guid":{"rendered":"https:\/\/zsp25.edu.wroclaw.pl\/?p=4285"},"modified":"2024-11-28T10:55:41","modified_gmt":"2024-11-28T09:55:41","slug":"dzialania-grupy-vi-z-materialami-krokiet-i-lama","status":"publish","type":"post","link":"https:\/\/zsp25.edu.wroclaw.pl\/index.php\/dzialania-grupy-vi-z-materialami-krokiet-i-lama\/2024\/11\/28\/dbabczynska\/","title":{"rendered":"Dzia\u0142ania grupy VI  z materia\u0142ami Krokiet i Lama"},"content":{"rendered":"<p>Bior\u0105c udzia\u0142 w projekcie \u201cEdukacja w ruchu\u201d, mo\u017cemy r\u00f3wnie\u017c korzysta\u0107<!--more--><\/p>\n<p>z\u00a0innych materia\u0142\u00f3w Akademii Krokieta i Lamy.\u00a0 Grupa VI intensywnie korzysta\u0142a z materia\u0142\u00f3w edukacyjnych, kt\u00f3re sta\u0142y si\u0119 inspiracj\u0105 podczas planowania scenariuszy zaj\u0119\u0107. W ramach tygodnia tematycznego \u201eJa i moje cia\u0142o\u201d wykorzystano filmiki\u00a0<strong><em>Cz\u0119\u015bci cia\u0142a<\/em><\/strong><strong>\u00a0<\/strong>oraz <strong><em>Zmys\u0142y<\/em><\/strong>, kt\u00f3re pomog\u0142y dzieciom pozna\u0107 i utrwali\u0107 wiedz\u0119 o funkcjonowaniu ludzkiego organizmu.<\/p>\n<p>W zwi\u0105zku z nadchodz\u0105c\u0105 zim\u0105 obejrzeli\u015bmy materia\u0142 <strong><em>Zima kontra wiosna<\/em><\/strong>, co pozwoli\u0142o dzieciom lepiej zrozumie\u0107 zmiany zachodz\u0105ce w przyrodzie w r\u00f3\u017cnych porach roku.<\/p>\n<p>Nie zabrak\u0142o tak\u017ce podsumowania jesiennych temat\u00f3w \u2013 dzieci dokonuj\u0105c wyboru poprzez ruch w <strong><em>Grzybowe fakty<\/em><\/strong><em>\u00a0<strong>\u2013 utrwalamy<\/strong><\/em>, <strong><em>Jesienne aktywno\u015bci<\/em>\u00a0<\/strong>oraz humorystyczny materia\u0142 <strong><em>Lama \u2013 kto tak ci\u0119 ubra\u0142?<\/em>,<\/strong>\u00a0kt\u00f3ry pom\u00f3g\u0142 dzieciom utrwali\u0107 zasady odpowiedniego ubierania si\u0119 w ch\u0142odniejsze dni. Podczas zaj\u0119\u0107 gimnastycznych si\u0119gn\u0119li\u015bmy po filmik <strong><em>Geometryczne figury<\/em>,<\/strong>\u00a0co doda\u0142o zabawny i edukacyjny akcent do \u0107wicze\u0144 ruchowych.<\/p>\n<p>Materia\u0142y od Krokieta i Lamy okaza\u0142y si\u0119 nieocenionym wsparciem w realizacji programu, \u0142\u0105cz\u0105c nauk\u0119 z dobr\u0105 zabaw\u0105 i anga\u017cuj\u0105c dzieci w aktywno\u015bci na r\u00f3\u017cnorodnych polach.<\/p>\n<p>#edukacjawruchu #edukacjawruchuWroclaw #PhysicallyActiveLearning<\/p>\n<p>@FundacjaV4Sport<\/p>\n<p>@awf.wroc<\/p>\n<p>@AkademiaKrokietaiLamy<\/p>\n<p>@wroclaw.wroclove<\/p>\n<div id='pe-gallery-1' class='pe-gallery pe-gallery-4285 columns-3 img-size-full'><div class='pe-row'><div class='col-md-4'><figure tabindex='0' class='pe-gallery-item pe-gallery-modal' data-mfp-src='#modal-gallery-1-4286'><div class='pe-gallery-image landscape'>\r\n\t\t\t\t\t\t\t<img loading=\"lazy\" decoding=\"async\" width=\"738\" height=\"323\" src=\"https:\/\/zsp25.edu.wroclaw.pl\/wp-content\/uploads\/sites\/77\/2024\/11\/akil.png\" class=\"attachment-full size-full\" alt=\"\" data-no-retina=\"\" srcset=\"https:\/\/zsp25.edu.wroclaw.pl\/wp-content\/uploads\/sites\/77\/2024\/11\/akil.png 738w, https:\/\/zsp25.edu.wroclaw.pl\/wp-content\/uploads\/sites\/77\/2024\/11\/akil-300x131.png 300w\" sizes=\"auto, (max-width: 738px) 100vw, 738px\" \/>\r\n\t\t\t\t\t\t<\/div><\/figure><div id='modal-gallery-1-4286' class='mfp-modal-content mfp-hide' tabindex='-1' role='dialog' aria-labelledby='gallery-1-4286' style='max-width: 738px;><h4 id='gallery-1-4286'>akil<\/h4><div class='pe-gallery-full-image'><img loading=\"lazy\" decoding=\"async\" width=\"738\" height=\"323\" src=\"https:\/\/zsp25.edu.wroclaw.pl\/wp-content\/uploads\/sites\/77\/2024\/11\/akil.png\" class=\"attachment-full size-full\" alt=\"\" data-no-retina=\"\" srcset=\"https:\/\/zsp25.edu.wroclaw.pl\/wp-content\/uploads\/sites\/77\/2024\/11\/akil.png 738w, https:\/\/zsp25.edu.wroclaw.pl\/wp-content\/uploads\/sites\/77\/2024\/11\/akil-300x131.png 300w\" sizes=\"auto, (max-width: 738px) 100vw, 738px\" \/><\/div><p><\/p><\/div><\/div><\/div><\/div>\n\n<p>&nbsp;<\/p>\n","protected":false},"excerpt":{"rendered":"<p>Bior\u0105c udzia\u0142 w projekcie \u201cEdukacja w ruchu\u201d, mo\u017cemy r\u00f3wnie\u017c korzysta\u0107<\/p>\n","protected":false},"author":222,"featured_media":0,"comment_status":"closed","ping_status":"closed","sticky":false,"template":"","format":"standard","meta":{"footnotes":""},"categories":[11],"tags":[],"class_list":["post-4285","post","type-post","status-publish","format-standard","hentry","category-grupa-vi-aktualnosci","clearfix"],"_links":{"self":[{"href":"https:\/\/zsp25.edu.wroclaw.pl\/index.php\/wp-json\/wp\/v2\/posts\/4285","targetHints":{"allow":["GET"]}}],"collection":[{"href":"https:\/\/zsp25.edu.wroclaw.pl\/index.php\/wp-json\/wp\/v2\/posts"}],"about":[{"href":"https:\/\/zsp25.edu.wroclaw.pl\/index.php\/wp-json\/wp\/v2\/types\/post"}],"author":[{"embeddable":true,"href":"https:\/\/zsp25.edu.wroclaw.pl\/index.php\/wp-json\/wp\/v2\/users\/222"}],"replies":[{"embeddable":true,"href":"https:\/\/zsp25.edu.wroclaw.pl\/index.php\/wp-json\/wp\/v2\/comments?post=4285"}],"version-history":[{"count":3,"href":"https:\/\/zsp25.edu.wroclaw.pl\/index.php\/wp-json\/wp\/v2\/posts\/4285\/revisions"}],"predecessor-version":[{"id":4289,"href":"https:\/\/zsp25.edu.wroclaw.pl\/index.php\/wp-json\/wp\/v2\/posts\/4285\/revisions\/4289"}],"wp:attachment":[{"href":"https:\/\/zsp25.edu.wroclaw.pl\/index.php\/wp-json\/wp\/v2\/media?parent=4285"}],"wp:term":[{"taxonomy":"category","embeddable":true,"href":"https:\/\/zsp25.edu.wroclaw.pl\/index.php\/wp-json\/wp\/v2\/categories?post=4285"},{"taxonomy":"post_tag","embeddable":true,"href":"https:\/\/zsp25.edu.wroclaw.pl\/index.php\/wp-json\/wp\/v2\/tags?post=4285"}],"curies":[{"name":"wp","href":"https:\/\/api.w.org\/{rel}","templated":true}]}}