
{"id":4342,"date":"2024-12-04T08:54:40","date_gmt":"2024-12-04T07:54:40","guid":{"rendered":"https:\/\/zsp25.edu.wroclaw.pl\/?p=4342"},"modified":"2024-12-04T08:54:40","modified_gmt":"2024-12-04T07:54:40","slug":"akcja-przytul-sie-do-drzewa","status":"publish","type":"post","link":"https:\/\/zsp25.edu.wroclaw.pl\/index.php\/akcja-przytul-sie-do-drzewa\/2024\/12\/04\/dbabczynska\/","title":{"rendered":"Akcja &#8222;Przytul si\u0119 do drzewa&#8221;"},"content":{"rendered":"<div id=\":ns\" class=\"ii gt\">\n<div id=\":nr\" class=\"a3s aiL \">\n<div dir=\"ltr\">\n<div class=\"gmail_quote\">\n<div dir=\"auto\">\n<div dir=\"ltr\">\n<div>Tylko w roku 2022 w Polsce wybuch\u0142o 8974 po\u017car\u00f3w las\u00f3w, z czego wi\u0119kszo\u015b\u0107 z nich powsta\u0142o z winy cz\u0142owieka! W pa\u017adzierniku\u00a0 tego roku pokazali\u015bmy, \u017ce los las\u00f3w nie jest nam oboj\u0119tny!<br \/>\nUczniowie naszej szko\u0142y wzi\u0119li udzia\u0142 w\u00a0 <strong>kampanii &#8222;PRZYTUL si\u0119 do DRZEWA&#8221;<\/strong> zorganizowanej\u00a0 z okazji \u015bwi\u0119towania 10 pa\u017adziernika DNIA DRZEWA . Stali\u015bmy si\u0119 cz\u0119\u015bci\u0105\u00a0 najwi\u0119kszego na \u015bwiecie EKO KOLA\u017bU ze zdj\u0119\u0107 os\u00f3b czy te\u017c grup tul\u0105cych si\u0119 do drzewa, kt\u00f3ry mo\u017cna zobaczy\u0107 pod adresem:<\/div>\n<div><a href=\"https:\/\/straznicylasow.pl\/giga-laurka-2024\/\" target=\"_blank\" rel=\"noopener noreferrer\" data-saferedirecturl=\"https:\/\/www.google.com\/url?q=https:\/\/straznicylasow.pl\/giga-laurka-2024\/&amp;source=gmail&amp;ust=1733385028370000&amp;usg=AOvVaw0piTP4zHWik9yShWxZIfUJ\">https:\/\/straznicylasow.pl\/giga-laurka-2024\/<\/a><\/div>\n<div><\/div>\n<div dir=\"auto\">Serdecznie dzi\u0119kujemy wszystkim uczniom, kt\u00f3rzy wykonali zdj\u0119cia, na kt\u00f3rych przytulaj\u0105 si\u0119 do drzewa. Dzi\u0119kujemy za pokazanie ca\u0142emu \u015bwiatu m\u0142odych ludzi, kt\u00f3rym zale\u017cy, by nasze drzewa ros\u0142y, a nie pali\u0142y si\u0119. Wszyscy uczestnicy akcji w ramach podzi\u0119kowania otrzymali w ostatnich dniach Dyplomy Stra\u017cnika Las\u00f3w.<\/p>\n<\/div>\n<div dir=\"auto\">\n<div dir=\"auto\" style=\"text-align: right\"><strong>Alicja Majcherek\u00a0<\/strong><\/div>\n<div dir=\"auto\" style=\"text-align: right\"><strong>Katarzyna Szczurek\u00a0<\/strong><\/div>\n<\/div>\n<\/div>\n<\/div>\n<\/div>\n<\/div>\n<\/div>\n<div class=\"yj6qo\"><img loading=\"lazy\" decoding=\"async\" class=\"alignnone size-medium wp-image-4343\" src=\"https:\/\/zsp25.edu.wroclaw.pl\/wp-content\/uploads\/sites\/77\/2024\/12\/IMG_20240928_134243649-226x300.jpg\" alt=\"\" width=\"226\" height=\"300\" srcset=\"https:\/\/zsp25.edu.wroclaw.pl\/wp-content\/uploads\/sites\/77\/2024\/12\/IMG_20240928_134243649-226x300.jpg 226w, https:\/\/zsp25.edu.wroclaw.pl\/wp-content\/uploads\/sites\/77\/2024\/12\/IMG_20240928_134243649-rotated.jpg 600w\" sizes=\"auto, (max-width: 226px) 100vw, 226px\" \/> <img loading=\"lazy\" decoding=\"async\" class=\"alignnone size-medium wp-image-4345\" src=\"https:\/\/zsp25.edu.wroclaw.pl\/wp-content\/uploads\/sites\/77\/2024\/12\/20240922_123647-225x300.jpg\" alt=\"\" width=\"225\" height=\"300\" srcset=\"https:\/\/zsp25.edu.wroclaw.pl\/wp-content\/uploads\/sites\/77\/2024\/12\/20240922_123647-225x300.jpg 225w, https:\/\/zsp25.edu.wroclaw.pl\/wp-content\/uploads\/sites\/77\/2024\/12\/20240922_123647-rotated.jpg 600w\" sizes=\"auto, (max-width: 225px) 100vw, 225px\" \/> <img loading=\"lazy\" decoding=\"async\" class=\"alignnone size-medium wp-image-4346\" src=\"https:\/\/zsp25.edu.wroclaw.pl\/wp-content\/uploads\/sites\/77\/2024\/12\/20240929_144423-1-169x300.jpg\" alt=\"\" width=\"169\" height=\"300\" srcset=\"https:\/\/zsp25.edu.wroclaw.pl\/wp-content\/uploads\/sites\/77\/2024\/12\/20240929_144423-1-169x300.jpg 169w, https:\/\/zsp25.edu.wroclaw.pl\/wp-content\/uploads\/sites\/77\/2024\/12\/20240929_144423-1-576x1024.jpg 576w, https:\/\/zsp25.edu.wroclaw.pl\/wp-content\/uploads\/sites\/77\/2024\/12\/20240929_144423-1-rotated.jpg 600w\" sizes=\"auto, (max-width: 169px) 100vw, 169px\" \/><\/div>\n<div id=\":nr\" class=\"a3s aiL \">\n<div dir=\"ltr\">\n<div class=\"gmail_quote\">\n<div class=\"adL\"><\/div>\n<\/div>\n<\/div>\n<div class=\"adL\"><\/div>\n<\/div>\n<\/div>\n<div id=\":o9\" class=\"hq gt\"><\/div>\n","protected":false},"excerpt":{"rendered":"<p>Tylko w roku 2022 w Polsce wybuch\u0142o 8974 po\u017car\u00f3w las\u00f3w, z czego wi\u0119kszo\u015b\u0107 z nich powsta\u0142o z winy cz\u0142owieka! W pa\u017adzierniku\u00a0 tego roku pokazali\u015bmy, \u017ce los las\u00f3w nie jest nam [&hellip;]<\/p>\n","protected":false},"author":222,"featured_media":4344,"comment_status":"closed","ping_status":"closed","sticky":false,"template":"","format":"standard","meta":{"footnotes":""},"categories":[1],"tags":[],"class_list":["post-4342","post","type-post","status-publish","format-standard","has-post-thumbnail","hentry","category-aktualnosci","clearfix"],"_links":{"self":[{"href":"https:\/\/zsp25.edu.wroclaw.pl\/index.php\/wp-json\/wp\/v2\/posts\/4342","targetHints":{"allow":["GET"]}}],"collection":[{"href":"https:\/\/zsp25.edu.wroclaw.pl\/index.php\/wp-json\/wp\/v2\/posts"}],"about":[{"href":"https:\/\/zsp25.edu.wroclaw.pl\/index.php\/wp-json\/wp\/v2\/types\/post"}],"author":[{"embeddable":true,"href":"https:\/\/zsp25.edu.wroclaw.pl\/index.php\/wp-json\/wp\/v2\/users\/222"}],"replies":[{"embeddable":true,"href":"https:\/\/zsp25.edu.wroclaw.pl\/index.php\/wp-json\/wp\/v2\/comments?post=4342"}],"version-history":[{"count":1,"href":"https:\/\/zsp25.edu.wroclaw.pl\/index.php\/wp-json\/wp\/v2\/posts\/4342\/revisions"}],"predecessor-version":[{"id":4347,"href":"https:\/\/zsp25.edu.wroclaw.pl\/index.php\/wp-json\/wp\/v2\/posts\/4342\/revisions\/4347"}],"wp:featuredmedia":[{"embeddable":true,"href":"https:\/\/zsp25.edu.wroclaw.pl\/index.php\/wp-json\/wp\/v2\/media\/4344"}],"wp:attachment":[{"href":"https:\/\/zsp25.edu.wroclaw.pl\/index.php\/wp-json\/wp\/v2\/media?parent=4342"}],"wp:term":[{"taxonomy":"category","embeddable":true,"href":"https:\/\/zsp25.edu.wroclaw.pl\/index.php\/wp-json\/wp\/v2\/categories?post=4342"},{"taxonomy":"post_tag","embeddable":true,"href":"https:\/\/zsp25.edu.wroclaw.pl\/index.php\/wp-json\/wp\/v2\/tags?post=4342"}],"curies":[{"name":"wp","href":"https:\/\/api.w.org\/{rel}","templated":true}]}}