
{"id":4348,"date":"2024-12-04T09:14:19","date_gmt":"2024-12-04T08:14:19","guid":{"rendered":"https:\/\/zsp25.edu.wroclaw.pl\/?p=4348"},"modified":"2024-12-04T09:14:19","modified_gmt":"2024-12-04T08:14:19","slug":"dzien-bajek","status":"publish","type":"post","link":"https:\/\/zsp25.edu.wroclaw.pl\/index.php\/dzien-bajek\/2024\/12\/04\/dbabczynska\/","title":{"rendered":"Dzie\u0144 Bajek"},"content":{"rendered":"<p style=\"text-align: left\">\u00a0W <strong>klasie 1H<\/strong> podczas <strong>tygodnia bajek<\/strong> dzieci w \u015bwietlicy wycina\u0142y, a potem uk\u0142ada\u0142y puzzle z rozsypanki. Nie zabrak\u0142o bajkowych obrazk\u00f3w na tych uk\u0142adankach. Dzieci w ten spos\u00f3b kszta\u0142towa\u0142y swoj\u0105 wyobra\u017ani\u0119 i uczy\u0142y si\u0119 spostrzegawczo\u015bci. Ponadto uczniowie osobi\u015bcie wcielali si\u0119 w swoje ulubione postacie z bajek. Jak to si\u0119 sta\u0142o? Ot\u00f3\u017c dzieci bawi\u0142y si\u0119 w projektant\u00f3w mody i same lub z pomoc\u0105 nauczyciela \u015bwietlicy kreowa\u0142y str\u00f3j bohatera. A nast\u0119pnie by\u0142y przymiarki i okrzyki rado\u015bci, co wida\u0107 w naszej galerii zdj\u0119\u0107 .<\/p>\n<p style=\"text-align: right\">\n<strong> \u00a0 \u00a0 \u00a0 \u00a0Katarzyna Blaczek<\/strong><\/p>\n<p><img loading=\"lazy\" decoding=\"async\" class=\"alignnone size-medium wp-image-4349\" src=\"https:\/\/zsp25.edu.wroclaw.pl\/wp-content\/uploads\/sites\/77\/2024\/12\/IMG-20241104-WA0006-225x300.jpg\" alt=\"\" width=\"225\" height=\"300\" srcset=\"https:\/\/zsp25.edu.wroclaw.pl\/wp-content\/uploads\/sites\/77\/2024\/12\/IMG-20241104-WA0006-225x300.jpg 225w, https:\/\/zsp25.edu.wroclaw.pl\/wp-content\/uploads\/sites\/77\/2024\/12\/IMG-20241104-WA0006.jpg 600w\" sizes=\"auto, (max-width: 225px) 100vw, 225px\" \/> <img loading=\"lazy\" decoding=\"async\" class=\"alignnone size-medium wp-image-4350\" src=\"https:\/\/zsp25.edu.wroclaw.pl\/wp-content\/uploads\/sites\/77\/2024\/12\/IMG-20241104-WA0010-225x300.jpg\" alt=\"\" width=\"225\" height=\"300\" srcset=\"https:\/\/zsp25.edu.wroclaw.pl\/wp-content\/uploads\/sites\/77\/2024\/12\/IMG-20241104-WA0010-225x300.jpg 225w, https:\/\/zsp25.edu.wroclaw.pl\/wp-content\/uploads\/sites\/77\/2024\/12\/IMG-20241104-WA0010.jpg 600w\" sizes=\"auto, (max-width: 225px) 100vw, 225px\" \/><\/p>\n","protected":false},"excerpt":{"rendered":"<p>\u00a0W klasie 1H podczas tygodnia bajek dzieci w \u015bwietlicy wycina\u0142y, a potem uk\u0142ada\u0142y puzzle z rozsypanki. Nie zabrak\u0142o bajkowych obrazk\u00f3w na tych uk\u0142adankach. Dzieci w ten spos\u00f3b kszta\u0142towa\u0142y swoj\u0105 wyobra\u017ani\u0119 [&hellip;]<\/p>\n","protected":false},"author":222,"featured_media":4351,"comment_status":"closed","ping_status":"closed","sticky":false,"template":"","format":"standard","meta":{"footnotes":""},"categories":[1,17],"tags":[],"class_list":["post-4348","post","type-post","status-publish","format-standard","has-post-thumbnail","hentry","category-aktualnosci","category-swietlica","clearfix"],"_links":{"self":[{"href":"https:\/\/zsp25.edu.wroclaw.pl\/index.php\/wp-json\/wp\/v2\/posts\/4348","targetHints":{"allow":["GET"]}}],"collection":[{"href":"https:\/\/zsp25.edu.wroclaw.pl\/index.php\/wp-json\/wp\/v2\/posts"}],"about":[{"href":"https:\/\/zsp25.edu.wroclaw.pl\/index.php\/wp-json\/wp\/v2\/types\/post"}],"author":[{"embeddable":true,"href":"https:\/\/zsp25.edu.wroclaw.pl\/index.php\/wp-json\/wp\/v2\/users\/222"}],"replies":[{"embeddable":true,"href":"https:\/\/zsp25.edu.wroclaw.pl\/index.php\/wp-json\/wp\/v2\/comments?post=4348"}],"version-history":[{"count":1,"href":"https:\/\/zsp25.edu.wroclaw.pl\/index.php\/wp-json\/wp\/v2\/posts\/4348\/revisions"}],"predecessor-version":[{"id":4352,"href":"https:\/\/zsp25.edu.wroclaw.pl\/index.php\/wp-json\/wp\/v2\/posts\/4348\/revisions\/4352"}],"wp:featuredmedia":[{"embeddable":true,"href":"https:\/\/zsp25.edu.wroclaw.pl\/index.php\/wp-json\/wp\/v2\/media\/4351"}],"wp:attachment":[{"href":"https:\/\/zsp25.edu.wroclaw.pl\/index.php\/wp-json\/wp\/v2\/media?parent=4348"}],"wp:term":[{"taxonomy":"category","embeddable":true,"href":"https:\/\/zsp25.edu.wroclaw.pl\/index.php\/wp-json\/wp\/v2\/categories?post=4348"},{"taxonomy":"post_tag","embeddable":true,"href":"https:\/\/zsp25.edu.wroclaw.pl\/index.php\/wp-json\/wp\/v2\/tags?post=4348"}],"curies":[{"name":"wp","href":"https:\/\/api.w.org\/{rel}","templated":true}]}}