
{"id":4594,"date":"2024-12-16T07:38:33","date_gmt":"2024-12-16T06:38:33","guid":{"rendered":"https:\/\/zsp25.edu.wroclaw.pl\/?p=4594"},"modified":"2024-12-16T07:38:33","modified_gmt":"2024-12-16T06:38:33","slug":"wzielismy-udzial-w-integracyjnym-wf-swiatecznej-misji","status":"publish","type":"post","link":"https:\/\/zsp25.edu.wroclaw.pl\/index.php\/wzielismy-udzial-w-integracyjnym-wf-swiatecznej-misji\/2024\/12\/16\/dbabczynska\/","title":{"rendered":"Wzi\u0119li\u015bmy udzia\u0142 w Integracyjnym WF \u2013 \u015awi\u0105tecznej Misji!"},"content":{"rendered":"<div><strong>11 grudnia 2024 r.<\/strong> o godz. 10:00 klasa<strong> 1a, 1l, 2d i 2j<\/strong> wzi\u0119\u0142y udzia\u0142 w wyj\u0105tkowym wydarzeniu online na \u017cywo, kt\u00f3re po\u0142\u0105czy\u0142o m\u0142odych uczestnik\u00f3w z ca\u0142ej Polski we wsp\u00f3lnej zabawie i aktywno\u015bci fizycznej z okazji <strong>Mi\u0119dzynarodowego Dnia Os\u00f3b z Niepe\u0142nosprawno\u015bciami.<\/strong> Patronat Honorowy nad Integracyjnym WF obj\u0105\u0142 @UNICEFPoland.<br \/>\nPod okiem Kasi Kozikowskiej, paralimpijki, wyruszyli\u015bmy w \u015bwi\u0105teczn\u0105 misj\u0119 pe\u0142n\u0105 ruchu i rado\u015bci. To by\u0142a wyj\u0105tkowa okazja, by pokaza\u0107, \u017ce aktywno\u015b\u0107 \u0142\u0105czy wszystkich \u2013 bez barier i ogranicze\u0144!<br \/>\nWi\u0119cej o Integracyjnym WF mo\u017cna poczyta\u0107 na stronie\u00a0<a href=\"http:\/\/www.integracyjnywf.pl\/\" target=\"_blank\" rel=\"noopener\" data-saferedirecturl=\"https:\/\/www.google.com\/url?q=http:\/\/www.integracyjnywf.pl&amp;source=gmail&amp;ust=1734417304464000&amp;usg=AOvVaw0PTGPrXUVmor0Txv6DO9cJ\">www.integracyjnywf.pl<\/a><\/p>\n<p>#IWF2024 #BeActive #IWFPoland #IWFPoland2024 #IntergacyjnyWF<br \/>\n@fundusz.pfron @Fundacja V4Sport @UNICEFPoland @Akademia Krokieta i Lamy<br \/>\n@Stowarzyszenie Jeste\u015bmy dla Was\u00a0 @SzkolnyZwi\u0105zekSportowy&#8221;Dolny \u015al\u0105sk&amp;&#8221; #SzkolnyZwi\u0105zekSportowyZarz\u0105dKrajowy<\/p><\/div>\n<div><\/div>\n<div style=\"text-align: right\"><strong>Koordynatorki IWF: Aneta \u017bo\u0142dak, Aleksandra Wo\u017aniak, Iwona Szuty-Musia\u0142, Gabriela Chmielowiec<\/strong><\/div>\n<div><\/div>\n<div><img loading=\"lazy\" decoding=\"async\" class=\"alignnone size-medium wp-image-4595\" src=\"https:\/\/zsp25.edu.wroclaw.pl\/wp-content\/uploads\/sites\/77\/2024\/12\/image7-300x202.jpeg\" alt=\"\" width=\"300\" height=\"202\" srcset=\"https:\/\/zsp25.edu.wroclaw.pl\/wp-content\/uploads\/sites\/77\/2024\/12\/image7-300x202.jpeg 300w, https:\/\/zsp25.edu.wroclaw.pl\/wp-content\/uploads\/sites\/77\/2024\/12\/image7.jpeg 640w\" sizes=\"auto, (max-width: 300px) 100vw, 300px\" \/> <img loading=\"lazy\" decoding=\"async\" class=\"alignnone size-medium wp-image-4597\" src=\"https:\/\/zsp25.edu.wroclaw.pl\/wp-content\/uploads\/sites\/77\/2024\/12\/image5-300x225.jpeg\" alt=\"\" width=\"300\" height=\"225\" srcset=\"https:\/\/zsp25.edu.wroclaw.pl\/wp-content\/uploads\/sites\/77\/2024\/12\/image5-300x225.jpeg 300w, https:\/\/zsp25.edu.wroclaw.pl\/wp-content\/uploads\/sites\/77\/2024\/12\/image5.jpeg 640w\" sizes=\"auto, (max-width: 300px) 100vw, 300px\" \/> <img loading=\"lazy\" decoding=\"async\" class=\"alignnone size-medium wp-image-4598\" src=\"https:\/\/zsp25.edu.wroclaw.pl\/wp-content\/uploads\/sites\/77\/2024\/12\/image4-300x225.jpeg\" alt=\"\" width=\"300\" height=\"225\" srcset=\"https:\/\/zsp25.edu.wroclaw.pl\/wp-content\/uploads\/sites\/77\/2024\/12\/image4-300x225.jpeg 300w, https:\/\/zsp25.edu.wroclaw.pl\/wp-content\/uploads\/sites\/77\/2024\/12\/image4.jpeg 640w\" sizes=\"auto, (max-width: 300px) 100vw, 300px\" \/> <img loading=\"lazy\" decoding=\"async\" class=\"alignnone size-medium wp-image-4599\" src=\"https:\/\/zsp25.edu.wroclaw.pl\/wp-content\/uploads\/sites\/77\/2024\/12\/image3-225x300.jpeg\" alt=\"\" width=\"225\" height=\"300\" srcset=\"https:\/\/zsp25.edu.wroclaw.pl\/wp-content\/uploads\/sites\/77\/2024\/12\/image3-225x300.jpeg 225w, https:\/\/zsp25.edu.wroclaw.pl\/wp-content\/uploads\/sites\/77\/2024\/12\/image3.jpeg 480w\" sizes=\"auto, (max-width: 225px) 100vw, 225px\" \/> <img loading=\"lazy\" decoding=\"async\" class=\"alignnone size-medium wp-image-4600\" src=\"https:\/\/zsp25.edu.wroclaw.pl\/wp-content\/uploads\/sites\/77\/2024\/12\/image2-300x225.jpeg\" alt=\"\" width=\"300\" height=\"225\" srcset=\"https:\/\/zsp25.edu.wroclaw.pl\/wp-content\/uploads\/sites\/77\/2024\/12\/image2-300x225.jpeg 300w, https:\/\/zsp25.edu.wroclaw.pl\/wp-content\/uploads\/sites\/77\/2024\/12\/image2.jpeg 640w\" sizes=\"auto, (max-width: 300px) 100vw, 300px\" \/> <img loading=\"lazy\" decoding=\"async\" class=\"alignnone size-medium wp-image-4601\" src=\"https:\/\/zsp25.edu.wroclaw.pl\/wp-content\/uploads\/sites\/77\/2024\/12\/image1-300x225.jpeg\" alt=\"\" width=\"300\" height=\"225\" srcset=\"https:\/\/zsp25.edu.wroclaw.pl\/wp-content\/uploads\/sites\/77\/2024\/12\/image1-300x225.jpeg 300w, https:\/\/zsp25.edu.wroclaw.pl\/wp-content\/uploads\/sites\/77\/2024\/12\/image1.jpeg 640w\" sizes=\"auto, (max-width: 300px) 100vw, 300px\" \/><\/div>\n<div><\/div>\n","protected":false},"excerpt":{"rendered":"<p>11 grudnia 2024 r. o godz. 10:00 klasa 1a, 1l, 2d i 2j wzi\u0119\u0142y udzia\u0142 w wyj\u0105tkowym wydarzeniu online na \u017cywo, kt\u00f3re po\u0142\u0105czy\u0142o m\u0142odych uczestnik\u00f3w z ca\u0142ej Polski we wsp\u00f3lnej [&hellip;]<\/p>\n","protected":false},"author":222,"featured_media":4596,"comment_status":"closed","ping_status":"closed","sticky":false,"template":"","format":"standard","meta":{"footnotes":""},"categories":[1],"tags":[],"class_list":["post-4594","post","type-post","status-publish","format-standard","has-post-thumbnail","hentry","category-aktualnosci","clearfix"],"_links":{"self":[{"href":"https:\/\/zsp25.edu.wroclaw.pl\/index.php\/wp-json\/wp\/v2\/posts\/4594","targetHints":{"allow":["GET"]}}],"collection":[{"href":"https:\/\/zsp25.edu.wroclaw.pl\/index.php\/wp-json\/wp\/v2\/posts"}],"about":[{"href":"https:\/\/zsp25.edu.wroclaw.pl\/index.php\/wp-json\/wp\/v2\/types\/post"}],"author":[{"embeddable":true,"href":"https:\/\/zsp25.edu.wroclaw.pl\/index.php\/wp-json\/wp\/v2\/users\/222"}],"replies":[{"embeddable":true,"href":"https:\/\/zsp25.edu.wroclaw.pl\/index.php\/wp-json\/wp\/v2\/comments?post=4594"}],"version-history":[{"count":1,"href":"https:\/\/zsp25.edu.wroclaw.pl\/index.php\/wp-json\/wp\/v2\/posts\/4594\/revisions"}],"predecessor-version":[{"id":4602,"href":"https:\/\/zsp25.edu.wroclaw.pl\/index.php\/wp-json\/wp\/v2\/posts\/4594\/revisions\/4602"}],"wp:featuredmedia":[{"embeddable":true,"href":"https:\/\/zsp25.edu.wroclaw.pl\/index.php\/wp-json\/wp\/v2\/media\/4596"}],"wp:attachment":[{"href":"https:\/\/zsp25.edu.wroclaw.pl\/index.php\/wp-json\/wp\/v2\/media?parent=4594"}],"wp:term":[{"taxonomy":"category","embeddable":true,"href":"https:\/\/zsp25.edu.wroclaw.pl\/index.php\/wp-json\/wp\/v2\/categories?post=4594"},{"taxonomy":"post_tag","embeddable":true,"href":"https:\/\/zsp25.edu.wroclaw.pl\/index.php\/wp-json\/wp\/v2\/tags?post=4594"}],"curies":[{"name":"wp","href":"https:\/\/api.w.org\/{rel}","templated":true}]}}