
{"id":4606,"date":"2024-12-22T18:52:31","date_gmt":"2024-12-22T17:52:31","guid":{"rendered":"https:\/\/zsp25.edu.wroclaw.pl\/?p=4606"},"modified":"2024-12-22T18:52:31","modified_gmt":"2024-12-22T17:52:31","slug":"swiety-mikolaj-w-naszej-szkole","status":"publish","type":"post","link":"https:\/\/zsp25.edu.wroclaw.pl\/index.php\/swiety-mikolaj-w-naszej-szkole\/2024\/12\/22\/dbabczynska\/","title":{"rendered":"\u015awi\u0119ty Miko\u0142aj w naszej szkole"},"content":{"rendered":"<p>W grudniowy poranek, a dok\u0142adnie 6 grudnia, odwiedzili nas niezwykli go\u015bcie &#8211; \u015awi\u0119ty Miko\u0142aj, Miko\u0142ajowa ora Elfy. Przybysze z Laponii witali wchodz\u0105ce do szko\u0142y dzieci s\u0142odkim pocz\u0119stunkiem. C\u00f3\u017c to by\u0142a za rado\u015b\u0107 i ile u\u015bmiech\u00f3w! Miko\u0142aj rozmawia\u0142 z dzie\u0107mi, pyta\u0142 czy by\u0142y grzeczne, a uczni\u00f3w klas I-III odwiedzi\u0142 i wr\u0119czy\u0142 im upominki.<\/p>\n<p>Wizyta \u015bwi\u0119tego Miko\u0142aja sprawi\u0142a, \u017ce dzie\u0144 by\u0142 wspania\u0142y, wyj\u0105tkowy, pe\u0142en rado\u015bci, \u017cyczliwo\u015bci i u\u015bmiechu, a spotkanie zapewne na d\u0142ugo pozostanie w pami\u0119ci dzieci. \u015awi\u0119ty Miko\u0142aj obieca\u0142 r\u00f3wnie\u017c, \u017ce odwiedzi nasz\u0105 szko\u0142\u0119 w przysz\u0142ym roku.<\/p>\n<p><!--more--> <img loading=\"lazy\" decoding=\"async\" class=\"alignnone size-medium wp-image-4608\" src=\"https:\/\/zsp25.edu.wroclaw.pl\/wp-content\/uploads\/sites\/77\/2024\/12\/IMG-20241206-WA0018-135x300.jpg\" alt=\"\" width=\"135\" height=\"300\" srcset=\"https:\/\/zsp25.edu.wroclaw.pl\/wp-content\/uploads\/sites\/77\/2024\/12\/IMG-20241206-WA0018-135x300.jpg 135w, https:\/\/zsp25.edu.wroclaw.pl\/wp-content\/uploads\/sites\/77\/2024\/12\/IMG-20241206-WA0018-461x1024.jpg 461w, https:\/\/zsp25.edu.wroclaw.pl\/wp-content\/uploads\/sites\/77\/2024\/12\/IMG-20241206-WA0018-768x1707.jpg 768w, https:\/\/zsp25.edu.wroclaw.pl\/wp-content\/uploads\/sites\/77\/2024\/12\/IMG-20241206-WA0018-691x1536.jpg 691w, https:\/\/zsp25.edu.wroclaw.pl\/wp-content\/uploads\/sites\/77\/2024\/12\/IMG-20241206-WA0018.jpg 900w\" sizes=\"auto, (max-width: 135px) 100vw, 135px\" \/> <img loading=\"lazy\" decoding=\"async\" class=\"alignnone size-medium wp-image-4609\" src=\"https:\/\/zsp25.edu.wroclaw.pl\/wp-content\/uploads\/sites\/77\/2024\/12\/IMG-20241206-WA0020-135x300.jpg\" alt=\"\" width=\"135\" height=\"300\" srcset=\"https:\/\/zsp25.edu.wroclaw.pl\/wp-content\/uploads\/sites\/77\/2024\/12\/IMG-20241206-WA0020-135x300.jpg 135w, https:\/\/zsp25.edu.wroclaw.pl\/wp-content\/uploads\/sites\/77\/2024\/12\/IMG-20241206-WA0020-461x1024.jpg 461w, https:\/\/zsp25.edu.wroclaw.pl\/wp-content\/uploads\/sites\/77\/2024\/12\/IMG-20241206-WA0020-768x1707.jpg 768w, https:\/\/zsp25.edu.wroclaw.pl\/wp-content\/uploads\/sites\/77\/2024\/12\/IMG-20241206-WA0020-691x1536.jpg 691w, https:\/\/zsp25.edu.wroclaw.pl\/wp-content\/uploads\/sites\/77\/2024\/12\/IMG-20241206-WA0020.jpg 900w\" sizes=\"auto, (max-width: 135px) 100vw, 135px\" \/> <img loading=\"lazy\" decoding=\"async\" class=\"alignnone size-medium wp-image-4610\" src=\"https:\/\/zsp25.edu.wroclaw.pl\/wp-content\/uploads\/sites\/77\/2024\/12\/IMG-20241206-WA0025-300x135.jpg\" alt=\"\" width=\"300\" height=\"135\" srcset=\"https:\/\/zsp25.edu.wroclaw.pl\/wp-content\/uploads\/sites\/77\/2024\/12\/IMG-20241206-WA0025-300x135.jpg 300w, https:\/\/zsp25.edu.wroclaw.pl\/wp-content\/uploads\/sites\/77\/2024\/12\/IMG-20241206-WA0025-1024x461.jpg 1024w, https:\/\/zsp25.edu.wroclaw.pl\/wp-content\/uploads\/sites\/77\/2024\/12\/IMG-20241206-WA0025-768x346.jpg 768w, https:\/\/zsp25.edu.wroclaw.pl\/wp-content\/uploads\/sites\/77\/2024\/12\/IMG-20241206-WA0025-1536x691.jpg 1536w, https:\/\/zsp25.edu.wroclaw.pl\/wp-content\/uploads\/sites\/77\/2024\/12\/IMG-20241206-WA0025.jpg 2000w\" sizes=\"auto, (max-width: 300px) 100vw, 300px\" \/><\/p>\n","protected":false},"excerpt":{"rendered":"<p>W grudniowy poranek, a dok\u0142adnie 6 grudnia, odwiedzili nas niezwykli go\u015bcie &#8211; \u015awi\u0119ty Miko\u0142aj, Miko\u0142ajowa ora Elfy. Przybysze z Laponii witali wchodz\u0105ce do szko\u0142y dzieci s\u0142odkim pocz\u0119stunkiem. C\u00f3\u017c to by\u0142a [&hellip;]<\/p>\n","protected":false},"author":222,"featured_media":4615,"comment_status":"closed","ping_status":"closed","sticky":false,"template":"","format":"standard","meta":{"footnotes":""},"categories":[1],"tags":[],"class_list":["post-4606","post","type-post","status-publish","format-standard","has-post-thumbnail","hentry","category-aktualnosci","clearfix"],"_links":{"self":[{"href":"https:\/\/zsp25.edu.wroclaw.pl\/index.php\/wp-json\/wp\/v2\/posts\/4606","targetHints":{"allow":["GET"]}}],"collection":[{"href":"https:\/\/zsp25.edu.wroclaw.pl\/index.php\/wp-json\/wp\/v2\/posts"}],"about":[{"href":"https:\/\/zsp25.edu.wroclaw.pl\/index.php\/wp-json\/wp\/v2\/types\/post"}],"author":[{"embeddable":true,"href":"https:\/\/zsp25.edu.wroclaw.pl\/index.php\/wp-json\/wp\/v2\/users\/222"}],"replies":[{"embeddable":true,"href":"https:\/\/zsp25.edu.wroclaw.pl\/index.php\/wp-json\/wp\/v2\/comments?post=4606"}],"version-history":[{"count":3,"href":"https:\/\/zsp25.edu.wroclaw.pl\/index.php\/wp-json\/wp\/v2\/posts\/4606\/revisions"}],"predecessor-version":[{"id":4616,"href":"https:\/\/zsp25.edu.wroclaw.pl\/index.php\/wp-json\/wp\/v2\/posts\/4606\/revisions\/4616"}],"wp:featuredmedia":[{"embeddable":true,"href":"https:\/\/zsp25.edu.wroclaw.pl\/index.php\/wp-json\/wp\/v2\/media\/4615"}],"wp:attachment":[{"href":"https:\/\/zsp25.edu.wroclaw.pl\/index.php\/wp-json\/wp\/v2\/media?parent=4606"}],"wp:term":[{"taxonomy":"category","embeddable":true,"href":"https:\/\/zsp25.edu.wroclaw.pl\/index.php\/wp-json\/wp\/v2\/categories?post=4606"},{"taxonomy":"post_tag","embeddable":true,"href":"https:\/\/zsp25.edu.wroclaw.pl\/index.php\/wp-json\/wp\/v2\/tags?post=4606"}],"curies":[{"name":"wp","href":"https:\/\/api.w.org\/{rel}","templated":true}]}}