
{"id":4902,"date":"2025-02-20T12:46:55","date_gmt":"2025-02-20T11:46:55","guid":{"rendered":"https:\/\/zsp25.edu.wroclaw.pl\/?p=4902"},"modified":"2025-04-23T13:10:04","modified_gmt":"2025-04-23T11:10:04","slug":"wybory-kandydata-na-patrona-szkoly-podstawowej-nr-11-we-wroclawiu","status":"publish","type":"post","link":"https:\/\/zsp25.edu.wroclaw.pl\/index.php\/wybory-kandydata-na-patrona-szkoly-podstawowej-nr-11-we-wroclawiu\/2025\/02\/20\/dbabczynska\/","title":{"rendered":"Wybory kandydata na patrona Szko\u0142y Podstawowej nr 11 we Wroc\u0142awiu"},"content":{"rendered":"<p><strong>Szanowni spo\u0142eczno\u015bci szkolna, Nauczyciele, Uczniowie i Rodzice,<\/strong><br \/>\nw naszej szkole od kilku miesi\u0119cy pracuje zesp\u00f3\u0142 ds. patrona, w dzia\u0142ania kt\u00f3rego w\u0142\u0105czyli si\u0119 Samorz\u0105d Uczniowski oraz \u00a0Rada Rodzic\u00f3w.<!--more--><br \/>\nAktualnie ustalono czterech kandydat\u00f3w na patrona szko\u0142y :<br \/>\n1<strong>. Maria Kownacka<\/strong> &#8211; Ma\u0142y Samorz\u0105d<br \/>\n2. <strong>Jan Miodek<\/strong> \u00a0&#8211; Samorz\u0105d Uczniowski<br \/>\n3. <strong>Jan Nowak<\/strong> &#8211; Jeziora\u0144ski &#8211; Rada Pedagogiczna<br \/>\n4. <strong>Simona Kossak<\/strong> &#8211; Rada Rodzic\u00f3w<br \/>\nPoni\u017cej zamieszczono opracowane sylwetki kandydat\u00f3w.<br \/>\nSylwetki kandydat\u00f3w dost\u0119pne b\u0119d\u0105 r\u00f3wnie\u017c na stronie internetowej szko\u0142y w zak\u0142adce <strong><span style=\"color: #008080;\">Patron<\/span><\/strong><\/p>\n<p><span style=\"color: #008080;\"><strong>Wybory zaplanowano wg poni\u017cszego harmonogramu :<\/strong><\/span><br \/>\n<span style=\"color: #008080;\">26. 02. 2025 r.<\/span> &#8211; \u00a0wybory \u00a0kandydata na patrona &#8211; g\u0142osowanie w godzinach <strong>7.00-15.00<\/strong><br \/>\n<span style=\"color: #008080;\">27. 02. 2025 r.<\/span>&#8211; wyniki g\u0142osowania,<br \/>\n<span style=\"color: #008080;\">03. 03. 2025 r.<\/span> &#8211; termin ewentualnej II tury.<\/p>\n<p>Szkolne wybory patrona b\u0119d\u0105 tajne, a nad ich przebiegiem czuwa\u0107 b\u0119dzie komisja skrutacyjna. W g\u0142osowaniu uczestniczy\u0107 b\u0119d\u0105 przedstawiciele ca\u0142ej spo\u0142eczno\u015bci wg poni\u017cszego schematu :<br \/>\na) <span style=\"color: #008080;\">82 nauczycieli<\/span> &#8211; wy\u0142onionych podczas losowania;<br \/>\nb) <span style=\"color: #008080;\">82 uczni\u00f3w<\/span> ( dw\u00f3ch przedstawicieli z ka\u017cdej klasy &#8211; przewodnicz\u0105cy i zast\u0119pca);<br \/>\nc) <span style=\"color: #008080;\">82 rodzic\u00f3w<\/span> (dw\u00f3ch przedstawicieli z ka\u017cdej klasy &#8211; przewodnicz\u0105cy i zast\u0119pca).<br \/>\nW sytuacji nieobecno\u015bci przewodnicz\u0105cego lub zast\u0119pcy z danego oddzia\u0142u w dniu g\u0142osowania , uprawniony do g\u0142osowania jest skarbnik lub sekretarz danego oddzia\u0142u.<br \/>\nKarty do g\u0142osowania pobierane b\u0119d\u0105 w sekretariacie. Urna wyborcza znajdowa\u0107 si\u0119 b\u0119dzie przy sekretariacie.<br \/>\nSpo\u015br\u00f3d czterech kandydatur wygra ta, kt\u00f3ra otrzyma najwi\u0119ksz\u0105 liczb\u0119 g\u0142os\u00f3w. Je\u015bli dw\u00f3ch kandydat\u00f3w otrzyma tak\u0105 sam\u0105 liczb\u0119 g\u0142os\u00f3w, zaplanowano drug\u0105 tur\u0119 wybor\u00f3w w dniu 03. 03. 2025 r.<br \/>\nZ wyrazami szacunku<br \/>\nDagmara Babczy\u0144ska<\/p>\n<p>dyrektor Zespo\u0142u Szkolno &#8211; Przedszkolnego nr 25 we Wroc\u0142awiu<\/p>\n<p><strong><span style=\"color: #008080;\">KANDYDACI NA PATRONA SZKO\u0141Y<\/span><\/strong><\/p>\n<p><a href=\"https:\/\/zsp25.edu.wroclaw.pl\/wp-content\/uploads\/sites\/77\/2025\/02\/Jan-Miodek.pdf\">Jan Miodek<\/a><\/p>\n<p><a href=\"https:\/\/zsp25.edu.wroclaw.pl\/wp-content\/uploads\/sites\/77\/2025\/02\/Jan-Nowak-Jezioranski.pdf\">Jan Nowak &#8211; Jeziora\u0144ski<\/a><\/p>\n<p><a href=\"https:\/\/zsp25.edu.wroclaw.pl\/wp-content\/uploads\/sites\/77\/2025\/02\/Maria-Kownacka.pdf\">Maria Kownacka<\/a><\/p>\n<p><a href=\"https:\/\/zsp25.edu.wroclaw.pl\/wp-content\/uploads\/sites\/77\/2025\/02\/Simona-Kossak.pdf\">Simona Kossak<\/a><\/p>\n<p><img loading=\"lazy\" decoding=\"async\" class=\"alignnone size-medium wp-image-4926\" src=\"https:\/\/zsp25.edu.wroclaw.pl\/wp-content\/uploads\/sites\/77\/2025\/02\/Plakat_Wybieramy-Patrona-SP11-212x300.png\" alt=\"\" width=\"212\" height=\"300\" srcset=\"https:\/\/zsp25.edu.wroclaw.pl\/wp-content\/uploads\/sites\/77\/2025\/02\/Plakat_Wybieramy-Patrona-SP11-212x300.png 212w, https:\/\/zsp25.edu.wroclaw.pl\/wp-content\/uploads\/sites\/77\/2025\/02\/Plakat_Wybieramy-Patrona-SP11-724x1024.png 724w, https:\/\/zsp25.edu.wroclaw.pl\/wp-content\/uploads\/sites\/77\/2025\/02\/Plakat_Wybieramy-Patrona-SP11-768x1086.png 768w, https:\/\/zsp25.edu.wroclaw.pl\/wp-content\/uploads\/sites\/77\/2025\/02\/Plakat_Wybieramy-Patrona-SP11-1086x1536.png 1086w, https:\/\/zsp25.edu.wroclaw.pl\/wp-content\/uploads\/sites\/77\/2025\/02\/Plakat_Wybieramy-Patrona-SP11.png 1414w\" sizes=\"auto, (max-width: 212px) 100vw, 212px\" \/><\/p>\n","protected":false},"excerpt":{"rendered":"<p>Szanowni spo\u0142eczno\u015bci szkolna, Nauczyciele, Uczniowie i Rodzice, w naszej szkole od kilku miesi\u0119cy pracuje zesp\u00f3\u0142 ds. patrona, w dzia\u0142ania kt\u00f3rego w\u0142\u0105czyli si\u0119 Samorz\u0105d Uczniowski oraz \u00a0Rada Rodzic\u00f3w.<\/p>\n","protected":false},"author":222,"featured_media":4903,"comment_status":"closed","ping_status":"closed","sticky":false,"template":"","format":"standard","meta":{"footnotes":""},"categories":[1,19],"tags":[],"class_list":["post-4902","post","type-post","status-publish","format-standard","has-post-thumbnail","hentry","category-aktualnosci","category-strona-glowna","clearfix"],"_links":{"self":[{"href":"https:\/\/zsp25.edu.wroclaw.pl\/index.php\/wp-json\/wp\/v2\/posts\/4902","targetHints":{"allow":["GET"]}}],"collection":[{"href":"https:\/\/zsp25.edu.wroclaw.pl\/index.php\/wp-json\/wp\/v2\/posts"}],"about":[{"href":"https:\/\/zsp25.edu.wroclaw.pl\/index.php\/wp-json\/wp\/v2\/types\/post"}],"author":[{"embeddable":true,"href":"https:\/\/zsp25.edu.wroclaw.pl\/index.php\/wp-json\/wp\/v2\/users\/222"}],"replies":[{"embeddable":true,"href":"https:\/\/zsp25.edu.wroclaw.pl\/index.php\/wp-json\/wp\/v2\/comments?post=4902"}],"version-history":[{"count":4,"href":"https:\/\/zsp25.edu.wroclaw.pl\/index.php\/wp-json\/wp\/v2\/posts\/4902\/revisions"}],"predecessor-version":[{"id":5447,"href":"https:\/\/zsp25.edu.wroclaw.pl\/index.php\/wp-json\/wp\/v2\/posts\/4902\/revisions\/5447"}],"wp:featuredmedia":[{"embeddable":true,"href":"https:\/\/zsp25.edu.wroclaw.pl\/index.php\/wp-json\/wp\/v2\/media\/4903"}],"wp:attachment":[{"href":"https:\/\/zsp25.edu.wroclaw.pl\/index.php\/wp-json\/wp\/v2\/media?parent=4902"}],"wp:term":[{"taxonomy":"category","embeddable":true,"href":"https:\/\/zsp25.edu.wroclaw.pl\/index.php\/wp-json\/wp\/v2\/categories?post=4902"},{"taxonomy":"post_tag","embeddable":true,"href":"https:\/\/zsp25.edu.wroclaw.pl\/index.php\/wp-json\/wp\/v2\/tags?post=4902"}],"curies":[{"name":"wp","href":"https:\/\/api.w.org\/{rel}","templated":true}]}}