
{"id":5094,"date":"2025-03-24T09:18:27","date_gmt":"2025-03-24T08:18:27","guid":{"rendered":"https:\/\/zsp25.edu.wroclaw.pl\/?p=5094"},"modified":"2025-03-24T09:20:24","modified_gmt":"2025-03-24T08:20:24","slug":"szkolna-konferencja-klimatyczna","status":"publish","type":"post","link":"https:\/\/zsp25.edu.wroclaw.pl\/index.php\/szkolna-konferencja-klimatyczna\/2025\/03\/24\/dbabczynska\/","title":{"rendered":"Szkolna Konferencja Klimatyczna"},"content":{"rendered":"<div dir=\"ltr\">\n<p><strong>14\u00a0 marca 2025 roku<\/strong> <strong>klasa 7b<\/strong> uczestniczy\u0142a w <strong>VI Szkolnej Konferencji Klimatycznej<\/strong>, kt\u00f3ra odby\u0142a si\u0119 w Centrum Kongresowym Politechniki Wroc\u0142awskiej.<\/p>\n<div>\n<p>W trakcie konferencji\u00a0 mieli\u015bmy okazj\u0119 uczestniczy\u0107 w wyk\u0142adzie\u00a0 dra Krawczyka, kt\u00f3ry w spos\u00f3b niezwykle jasny i prosty m\u00f3wi\u0142 na temat bioindykator\u00f3w, czyli organizm\u00f3w u\u017cywanych do oceny stanu \u015brodowiska. Uczniowie mieli okazj\u0119 dowiedzie\u0107 si\u0119, jak wykorzystanie bioindykator\u00f3w mo\u017ce pom\u00f3c w monitorowaniu i ochronie \u015brodowiska, co zainspirowa\u0142o ich do refleksji nad stanem lokalnej przyrody i mo\u017cliwo\u015bci\u0105 jej ochrony. Po wyk\u0142adzie odby\u0142 si\u0119 kr\u00f3tki test, pokazuj\u0105cy na ile uczniowie uwa\u017cnie s\u0142uchali prowadz\u0105cego &#8211; i tutaj nale\u017c\u0105 si\u0119 ogromne brawa, poniewa\u017c to ucze\u0144 naszej szko\u0142y &#8211; Aleksander J. &#8211;\u00a0 rozwi\u0105za\u0142 go bezb\u0142\u0119dnie i najszybciej!<\/p>\n<p>Uczniowie mieli okazj\u0119 odby\u0107 r\u00f3wnie\u017c\u00a0 niezwyk\u0142e spotkanie z przyrodnikiem &#8211; Marcinem Kostrzy\u0144skim, znanym jako &#8222;Marcin z Lasu&#8221;, kt\u00f3ry w fascynuj\u0105cy spos\u00f3b opowiada\u0142 o \u015bwiecie przyrody. Marcin Kostrzy\u0144ski to pasjonat przyrody, na co dzie\u0144 filmuj\u0105cy dzik\u0105 przyrod\u0119 i nagrywaj\u0105cy zwierz\u0119ta w ich naturalnym \u015brodowisku. W trakcie spotkania uczniowie dowiedzieli si\u0119 o wielu\u00a0 tajemnicach lasu i jego mieszka\u0144cach, co z pewno\u015bci\u0105 wzbogaci\u0142o ich wiedz\u0119 na temat otaczaj\u0105cej nas przyrody, ale dostarczy\u0142o r\u00f3wnie\u017c wiele rado\u015bci i \u015bmiechu, poniewa\u017c p. Marcin charakteryzuje si\u0119 ogromnym poczuciem humoru!<\/p>\n<div>\n<p>Na koniec uczestniczyli\u015bmy w warsztatach &#8221; Zielnych Babek&#8221;. Warsztaty te skupi\u0142y si\u0119 na praktycznym zastosowaniu zi\u00f3\u0142 i grzyb\u00f3w w codziennym \u017cyciu oraz ich znaczeniu w kontek\u015bcie ochrony \u015brodowiska. Ka\u017cdy z uczni\u00f3w m\u00f3g\u0142 przygotowa\u0107 dla siebie pami\u0105tkow\u0105 herbatk\u0119!<\/p>\n<p>Zgodnie stwierdzili\u015bmy, \u017ce by\u0142o po prostu super!\u00a0 I ju\u017c nie mo\u017cemy si\u0119 doczeka\u0107 konferencji w przysz\u0142ym roku!<\/p>\n<p style=\"text-align: right\"><strong>Alicja Majcherek<\/strong><\/p>\n<\/div>\n<p><img loading=\"lazy\" decoding=\"async\" class=\"alignnone size-medium wp-image-5095\" src=\"https:\/\/zsp25.edu.wroclaw.pl\/wp-content\/uploads\/sites\/77\/2025\/03\/IMG_20250314_090659465-226x300.jpg\" alt=\"\" width=\"226\" height=\"300\" srcset=\"https:\/\/zsp25.edu.wroclaw.pl\/wp-content\/uploads\/sites\/77\/2025\/03\/IMG_20250314_090659465-226x300.jpg 226w, https:\/\/zsp25.edu.wroclaw.pl\/wp-content\/uploads\/sites\/77\/2025\/03\/IMG_20250314_090659465-rotated.jpg 600w\" sizes=\"auto, (max-width: 226px) 100vw, 226px\" \/> <img loading=\"lazy\" decoding=\"async\" class=\"alignnone size-medium wp-image-5096\" src=\"https:\/\/zsp25.edu.wroclaw.pl\/wp-content\/uploads\/sites\/77\/2025\/03\/IMG_20250314_104143996-226x300.jpg\" alt=\"\" width=\"226\" height=\"300\" srcset=\"https:\/\/zsp25.edu.wroclaw.pl\/wp-content\/uploads\/sites\/77\/2025\/03\/IMG_20250314_104143996-226x300.jpg 226w, https:\/\/zsp25.edu.wroclaw.pl\/wp-content\/uploads\/sites\/77\/2025\/03\/IMG_20250314_104143996-rotated.jpg 600w\" sizes=\"auto, (max-width: 226px) 100vw, 226px\" \/> <img loading=\"lazy\" decoding=\"async\" class=\"alignnone size-medium wp-image-5097\" src=\"https:\/\/zsp25.edu.wroclaw.pl\/wp-content\/uploads\/sites\/77\/2025\/03\/IMG_20250314_120514450-226x300.jpg\" alt=\"\" width=\"226\" height=\"300\" srcset=\"https:\/\/zsp25.edu.wroclaw.pl\/wp-content\/uploads\/sites\/77\/2025\/03\/IMG_20250314_120514450-226x300.jpg 226w, https:\/\/zsp25.edu.wroclaw.pl\/wp-content\/uploads\/sites\/77\/2025\/03\/IMG_20250314_120514450-rotated.jpg 600w\" sizes=\"auto, (max-width: 226px) 100vw, 226px\" \/> \u00a0<img loading=\"lazy\" decoding=\"async\" class=\"alignnone size-medium wp-image-5099\" src=\"https:\/\/zsp25.edu.wroclaw.pl\/wp-content\/uploads\/sites\/77\/2025\/03\/IMG_20250314_124337632-226x300.jpg\" alt=\"\" width=\"226\" height=\"300\" srcset=\"https:\/\/zsp25.edu.wroclaw.pl\/wp-content\/uploads\/sites\/77\/2025\/03\/IMG_20250314_124337632-226x300.jpg 226w, https:\/\/zsp25.edu.wroclaw.pl\/wp-content\/uploads\/sites\/77\/2025\/03\/IMG_20250314_124337632-rotated.jpg 600w\" sizes=\"auto, (max-width: 226px) 100vw, 226px\" \/> <img loading=\"lazy\" decoding=\"async\" class=\"alignnone size-medium wp-image-5100\" src=\"https:\/\/zsp25.edu.wroclaw.pl\/wp-content\/uploads\/sites\/77\/2025\/03\/IMG_20250314_130001486-226x300.jpg\" alt=\"\" width=\"226\" height=\"300\" srcset=\"https:\/\/zsp25.edu.wroclaw.pl\/wp-content\/uploads\/sites\/77\/2025\/03\/IMG_20250314_130001486-226x300.jpg 226w, https:\/\/zsp25.edu.wroclaw.pl\/wp-content\/uploads\/sites\/77\/2025\/03\/IMG_20250314_130001486-rotated.jpg 600w\" sizes=\"auto, (max-width: 226px) 100vw, 226px\" \/><\/p>\n<\/div>\n<\/div>\n<div class=\"yj6qo\"><\/div>\n<div class=\"adL\"><\/div>\n","protected":false},"excerpt":{"rendered":"<p>14\u00a0 marca 2025 roku klasa 7b uczestniczy\u0142a w VI Szkolnej Konferencji Klimatycznej, kt\u00f3ra odby\u0142a si\u0119 w Centrum Kongresowym Politechniki Wroc\u0142awskiej. W trakcie konferencji\u00a0 mieli\u015bmy okazj\u0119 uczestniczy\u0107 w wyk\u0142adzie\u00a0 dra Krawczyka, [&hellip;]<\/p>\n","protected":false},"author":222,"featured_media":5098,"comment_status":"closed","ping_status":"closed","sticky":false,"template":"","format":"standard","meta":{"footnotes":""},"categories":[1],"tags":[],"class_list":["post-5094","post","type-post","status-publish","format-standard","has-post-thumbnail","hentry","category-aktualnosci","clearfix"],"_links":{"self":[{"href":"https:\/\/zsp25.edu.wroclaw.pl\/index.php\/wp-json\/wp\/v2\/posts\/5094","targetHints":{"allow":["GET"]}}],"collection":[{"href":"https:\/\/zsp25.edu.wroclaw.pl\/index.php\/wp-json\/wp\/v2\/posts"}],"about":[{"href":"https:\/\/zsp25.edu.wroclaw.pl\/index.php\/wp-json\/wp\/v2\/types\/post"}],"author":[{"embeddable":true,"href":"https:\/\/zsp25.edu.wroclaw.pl\/index.php\/wp-json\/wp\/v2\/users\/222"}],"replies":[{"embeddable":true,"href":"https:\/\/zsp25.edu.wroclaw.pl\/index.php\/wp-json\/wp\/v2\/comments?post=5094"}],"version-history":[{"count":3,"href":"https:\/\/zsp25.edu.wroclaw.pl\/index.php\/wp-json\/wp\/v2\/posts\/5094\/revisions"}],"predecessor-version":[{"id":5103,"href":"https:\/\/zsp25.edu.wroclaw.pl\/index.php\/wp-json\/wp\/v2\/posts\/5094\/revisions\/5103"}],"wp:featuredmedia":[{"embeddable":true,"href":"https:\/\/zsp25.edu.wroclaw.pl\/index.php\/wp-json\/wp\/v2\/media\/5098"}],"wp:attachment":[{"href":"https:\/\/zsp25.edu.wroclaw.pl\/index.php\/wp-json\/wp\/v2\/media?parent=5094"}],"wp:term":[{"taxonomy":"category","embeddable":true,"href":"https:\/\/zsp25.edu.wroclaw.pl\/index.php\/wp-json\/wp\/v2\/categories?post=5094"},{"taxonomy":"post_tag","embeddable":true,"href":"https:\/\/zsp25.edu.wroclaw.pl\/index.php\/wp-json\/wp\/v2\/tags?post=5094"}],"curies":[{"name":"wp","href":"https:\/\/api.w.org\/{rel}","templated":true}]}}