
{"id":5453,"date":"2024-09-01T13:24:19","date_gmt":"2024-09-01T11:24:19","guid":{"rendered":"https:\/\/zsp25.edu.wroclaw.pl\/?p=5453"},"modified":"2025-04-23T13:26:01","modified_gmt":"2025-04-23T11:26:01","slug":"zespol-szkolno-przedszkolny-nr-25-we-wroclawiu","status":"publish","type":"post","link":"https:\/\/zsp25.edu.wroclaw.pl\/index.php\/zespol-szkolno-przedszkolny-nr-25-we-wroclawiu\/2024\/09\/01\/pawel\/","title":{"rendered":"Zesp\u00f3\u0142\u00a0 Szkolno &#8211; Przedszkolny nr 25 we Wroc\u0142awiu"},"content":{"rendered":"<p><strong>Zesp\u00f3\u0142\u00a0 Szkolno &#8211; Przedszkolny nr 25 we Wroc\u0142awiu zosta\u0142\u00a0 uruchomiony 1 wrze\u015bnia 2023 r. uroczyst\u0105 inauguracj\u0105 roku szkolnego 2023\/2024 w Przedszkolu nr 111.<\/strong><\/p>\n<p><strong> 4 wrze\u015bnia 2023 r. mia\u0142o miejsce rozpocz\u0119cie roku szkolnego w Szkole Podstawowej nr 11 we Wroc\u0142awiu<\/strong><\/p>\n<p><strong>Budowa Zespo\u0142u Szkolno &#8211; Przedszkolnego zosta\u0142a dofinansowana z Europejskiego Funduszu Rozwoju Regionalnego w ramach Osi priorytetowej nr 12 \u201eREACT-EU\/(EFRR) Wspieranie kryzysowych dzia\u0142a\u0144 naprawczych w kontek\u015bcie pandemii COVID-19 i przygotowania do ekologicznej i cyfrowej odbudowy gospodarki zwi\u0119kszaj\u0105cej jej odporno\u015b\u0107\u201d, Dzia\u0142ania nr 12.4 \u201eInwestycje spo\u0142eczne \u2013 d\u0142ugoterminowa integracja\u201d w ramach Regionalnego Programu Operacyjnego Wojew\u00f3dztwa Dolno\u015bl\u0105skiego 2014-2020<\/strong><\/p>\n<p><img loading=\"lazy\" decoding=\"async\" class=\"size-medium wp-image-672 aligncenter\" src=\"https:\/\/zsp25.edu.wroclaw.pl\/wp-content\/uploads\/sites\/77\/2023\/10\/logotyp-300x46.gif\" alt=\"\" width=\"300\" height=\"46\" srcset=\"https:\/\/zsp25.edu.wroclaw.pl\/wp-content\/uploads\/sites\/77\/2023\/10\/logotyp-300x46.gif 300w, https:\/\/zsp25.edu.wroclaw.pl\/wp-content\/uploads\/sites\/77\/2023\/10\/logotyp-600x93.gif 600w\" sizes=\"auto, (max-width: 300px) 100vw, 300px\" \/><\/p>\n","protected":false},"excerpt":{"rendered":"<p>Zesp\u00f3\u0142\u00a0 Szkolno &#8211; Przedszkolny nr 25 we Wroc\u0142awiu zosta\u0142\u00a0 uruchomiony 1 wrze\u015bnia 2023 r. uroczyst\u0105 inauguracj\u0105 roku szkolnego 2023\/2024 w Przedszkolu nr 111.<br \/>\n4 wrze\u015bnia 2023 r. mia\u0142o miejsce rozpocz\u0119cie roku szkolnego w Szkole Podstawowej nr 11 we Wroc\u0142awiu<\/p>\n","protected":false},"author":7,"featured_media":0,"comment_status":"closed","ping_status":"closed","sticky":false,"template":"","format":"standard","meta":{"footnotes":""},"categories":[19],"tags":[],"class_list":["post-5453","post","type-post","status-publish","format-standard","hentry","category-strona-glowna","clearfix"],"_links":{"self":[{"href":"https:\/\/zsp25.edu.wroclaw.pl\/index.php\/wp-json\/wp\/v2\/posts\/5453","targetHints":{"allow":["GET"]}}],"collection":[{"href":"https:\/\/zsp25.edu.wroclaw.pl\/index.php\/wp-json\/wp\/v2\/posts"}],"about":[{"href":"https:\/\/zsp25.edu.wroclaw.pl\/index.php\/wp-json\/wp\/v2\/types\/post"}],"author":[{"embeddable":true,"href":"https:\/\/zsp25.edu.wroclaw.pl\/index.php\/wp-json\/wp\/v2\/users\/7"}],"replies":[{"embeddable":true,"href":"https:\/\/zsp25.edu.wroclaw.pl\/index.php\/wp-json\/wp\/v2\/comments?post=5453"}],"version-history":[{"count":2,"href":"https:\/\/zsp25.edu.wroclaw.pl\/index.php\/wp-json\/wp\/v2\/posts\/5453\/revisions"}],"predecessor-version":[{"id":5455,"href":"https:\/\/zsp25.edu.wroclaw.pl\/index.php\/wp-json\/wp\/v2\/posts\/5453\/revisions\/5455"}],"wp:attachment":[{"href":"https:\/\/zsp25.edu.wroclaw.pl\/index.php\/wp-json\/wp\/v2\/media?parent=5453"}],"wp:term":[{"taxonomy":"category","embeddable":true,"href":"https:\/\/zsp25.edu.wroclaw.pl\/index.php\/wp-json\/wp\/v2\/categories?post=5453"},{"taxonomy":"post_tag","embeddable":true,"href":"https:\/\/zsp25.edu.wroclaw.pl\/index.php\/wp-json\/wp\/v2\/tags?post=5453"}],"curies":[{"name":"wp","href":"https:\/\/api.w.org\/{rel}","templated":true}]}}