
{"id":5846,"date":"2025-05-29T09:30:24","date_gmt":"2025-05-29T07:30:24","guid":{"rendered":"https:\/\/zsp25.edu.wroclaw.pl\/?p=5846"},"modified":"2025-05-29T09:32:14","modified_gmt":"2025-05-29T07:32:14","slug":"polkolonie-w-zsp-nr-25","status":"publish","type":"post","link":"https:\/\/zsp25.edu.wroclaw.pl\/index.php\/polkolonie-w-zsp-nr-25\/2025\/05\/29\/dbabczynska\/","title":{"rendered":"P\u00f3\u0142kolonie w ZSP nr 25"},"content":{"rendered":"<p class=\"western\" align=\"center\"><span style=\"color: #2f5496\"><span style=\"font-size: 300%\">P\u00d3\u0141KOLONIE LETNIE<\/span><\/span><\/p>\n<p class=\"western\" align=\"center\"><span style=\"font-size: large\"><i>w Zespole Szkolno-Przedszkolnym nr 25 we Wroc\u0142awiu<\/i><\/span><\/p>\n<p class=\"western\" align=\"center\"><span style=\"color: #2f5496\"><span style=\"font-size: xx-large\">Termin:<\/span><\/span><\/p>\n<p class=\"western\" align=\"center\"><span style=\"color: #2f5496\"><span style=\"font-size: xx-large\">30.06.2025r.- 04.07.2025r. <\/span><\/span><span style=\"color: #2f5496\"><span style=\"font-size: x-large\">w godz. 7:00-16:00<\/span><\/span><\/p>\n<p class=\"western\" align=\"center\"><span style=\"color: #222a35\"><span style=\"font-size: xx-large\">Koszt p\u00f3\u0142kolonii \u2013 450,00 z\u0142<\/span><\/span><\/p>\n<p class=\"western\" align=\"center\"><span style=\"font-size: medium\"><span style=\"color: #222a35\"><span style=\"font-size: large\">W op\u0142at\u0119 wliczone jest: wy\u017cywienie \u2013 obiad dwudaniowy + deser + kompot<\/span><\/span><\/span><\/p>\n<p class=\"western\" align=\"center\"><span style=\"font-size: medium\"><span style=\"color: #222a35\"><span style=\"font-size: large\">oraz <\/span><\/span><span style=\"font-size: large\">realizacja programu p\u00f3\u0142kolonii.<\/span><\/span><\/p>\n<p class=\"western\" align=\"center\"><span style=\"font-size: medium\"><span style=\"font-size: large\">Wycieczki i opieka wychowawc\u00f3w s\u0105 finansowane przez Urz\u0105d Miejski Wroc\u0142awia. <\/span><\/span><\/p>\n<p class=\"western\" align=\"center\"><span style=\"font-size: medium\"><span style=\"color: #222a35\"><span style=\"font-size: large\"><b><br \/>\nUWAGA!!!<\/b><\/span><\/span><\/span><\/p>\n<p class=\"western\" align=\"center\"><span style=\"font-size: medium\"><span style=\"color: #222a35\"><span style=\"font-size: large\"><u>Zapisy na p\u00f3\u0142kolonie letnie odbywa\u0107 si\u0119 b\u0119d\u0105:<\/u><\/span><\/span><\/span><\/p>\n<p class=\"western\" align=\"left\"><span style=\"font-size: medium\"><span style=\"color: #5b9bd5\"><span style=\"font-size: large\"><b>&#8211; <\/b><\/span><\/span><span style=\"font-size: large\"><b>NAB\u00d3R G\u0141\u00d3WNY<\/b><\/span><\/span><span style=\"color: #5b9bd5\"><span style=\"font-size: large\"><b>&#8211;\u00a0 odb\u0119dzie si\u0119\u00a0 w \u015brod\u0119 4.06.2025r godz. 7.00-10.00<\/b><\/span><\/span><\/p>\n<p class=\"western\" align=\"left\"><span style=\"font-size: medium\"><span style=\"font-size: large\"><b>&#8211; <\/b><\/span><span style=\"font-size: large\"><b>NAB\u00d3R UZUPE\u0141NIAJ\u0104CY<\/b><\/span><\/span><span style=\"color: #5b9bd5\"><span style=\"font-size: large\"><b>\u00a0&#8211; odb\u0119dzie si\u0119\u00a0 w\u00a0pi\u0105tek 06.06.2025r. <\/b><\/span><\/span><\/p>\n<p class=\"western\" align=\"left\"><span style=\"font-size: medium\"><span style=\"color: #5b9bd5\"><span style=\"font-size: large\"><b>godz. 7.00-9.00 &#8211;\u00a0<\/b><\/span><\/span><span style=\"color: #5b9bd5\"><span style=\"font-size: large\"><b>je\u015bli b\u0119dzie taka konieczno\u015b\u0107.<\/b><\/span><\/span><\/span><\/p>\n<p class=\"western\" align=\"center\"><span style=\"font-size: medium\"><span style=\"color: #ff0000\"><span style=\"font-size: large\"><b><br \/>\n<\/b><\/span><\/span><span style=\"color: #222a35\"><span style=\"font-size: large\">Zapis jest wa\u017cny z dniem oddania<\/span><\/span><b> <\/b><span style=\"color: #222a35\"><span style=\"font-size: large\"><u><b>kompletu<\/b><\/u><\/span><\/span><span style=\"color: #222a35\"><span style=\"font-size: large\"> dokument\u00f3w do sekretariatu Szko\u0142y:<\/span><\/span><\/span><\/p>\n<p class=\"western\" align=\"center\"><span style=\"font-size: medium\"><span style=\"color: #ee0000\"><span style=\"font-size: large\"><b>Dokumenty niezb\u0119dne do pe\u0142nej kwalifikacji dziecka do pobrania <\/b><\/span><\/span><\/span><\/p>\n<p class=\"western\" align=\"center\"><span style=\"font-size: medium\"><span style=\"color: #ee0000\"><span style=\"font-size: large\"><b>na stronie internetowej szko\u0142y<\/b><\/span><\/span> <span style=\"color: #ee0000\"><span style=\"font-size: large\"><b>https:\/\/zsp25.edu.wroclaw.pl\/ :<\/b><\/span><\/span><\/span><\/p>\n<p class=\"western\" align=\"center\"><span style=\"color: #393939\">\u25aa\u00a0<span style=\"font-size: large\">karta kwalifikacyjna uczestnika p\u00f3\u0142kolonii,<\/span><\/span><\/p>\n<p class=\"western\" align=\"center\"><span style=\"color: #393939\">\u25aa\u00a0<span style=\"font-size: large\">podpisany regulamin rekrutacji na p\u00f3\u0142koloni\u0119,<\/span><\/span><\/p>\n<p class=\"western\" align=\"center\"><span style=\"color: #393939\">\u25aa <span style=\"font-size: large\">podpisany regulamin p\u00f3\u0142kolonii,<\/span><\/span><\/p>\n<p class=\"western\" align=\"center\"><span style=\"color: #393939\">\u25aa <span style=\"font-size: large\">o\u015bwiadczenia,<\/span><\/span><\/p>\n<p class=\"western\" align=\"center\"><span style=\"color: #393939\">\u25aa <span style=\"font-size: medium\"><span style=\"font-size: large\">zgoda na wizerunek,<\/span><\/span><\/span><\/p>\n<p class=\"western\" align=\"center\"><span style=\"color: #393939\">\u25aa\u00a0<span style=\"font-size: large\">klauzula RODO.<\/span><\/span><\/p>\n<p class=\"western\" align=\"center\"><span style=\"color: #222a35\"><span style=\"font-size: large\">Nie ma mo\u017cliwo\u015bci rezerwacji miejsc.<\/span><\/span><\/p>\n<p align=\"center\"><span style=\"color: #2f5496\"><span style=\"font-size: 300%\"><b>Liczy si\u0119 kolejno\u015b\u0107 zg\u0142osze\u0144.<\/b><\/span><\/span><\/p>\n<p class=\"western\" align=\"center\"><span style=\"color: #222a35\"><span style=\"font-size: xx-large\"><b>DODATKOWE INFORMACJE<\/b><\/span><\/span><\/p>\n<ol>\n<li>\n<p class=\"western\" align=\"left\"><span style=\"font-size: medium\"><span style=\"color: #222a35\"><span style=\"font-size: large\">Wypisu dziecka z p\u00f3\u0142kolonii (\u0142\u0105cznie ze zwrotem op\u0142aty za turnus)<br \/>\nnale\u017cy dokona\u0107 pisemnie do<\/span><\/span> <span style=\"color: #2e74b5\"><span style=\"font-size: large\">23.06.2025 r. (poniedzia\u0142ek), do godz. 10.00<\/span><\/span><span style=\"font-size: large\">.<\/span><\/span><\/p>\n<\/li>\n<\/ol>\n<ol start=\"2\">\n<li>\n<p class=\"western\" align=\"left\"><span style=\"font-size: medium\"><span style=\"color: #222a35\"><span style=\"font-size: large\">Zwrot \u015brodk\u00f3w za nieobecno\u015b\u0107 dziecka w trakcie p\u00f3\u0142kolonii, honorowany b\u0119dzie w przypadku telefonicznego (71\u00a0798 69 43) lub mailowego (<\/span><\/span><span style=\"color: #0563c1\"><u><a href=\"mailto:sekretariat.zsp25@wroclawskaedukacja.pl\"><span style=\"font-size: large\">sekretariat.zsp25@wroclawskaedukacja.pl<\/span><\/a><\/u><\/span><span style=\"color: #222a35\"><span style=\"font-size: large\">) zg\u0142oszenia nieobecno\u015bci do godz. 9.00 danego dnia.<\/span><\/span><\/span><\/p>\n<\/li>\n<\/ol>\n<ol start=\"3\">\n<li>\n<p class=\"western\" align=\"left\"><span style=\"font-size: medium\"><span style=\"color: #222a35\"><span style=\"font-size: large\">Prosimy o punktualny odbi\u00f3r dzieci w trakcie trwanie p\u00f3\u0142kolonii,<br \/>\ntj. do godz. 16.00.<\/span><\/span><\/span><\/p>\n<\/li>\n<\/ol>\n<ol start=\"4\">\n<li>\n<p class=\"western\" align=\"left\"><span style=\"font-size: medium\"><span style=\"color: #222a35\"><span style=\"font-size: large\">Prosimy o przynoszenie na p\u00f3\u0142kolonie przez uczestnik\u00f3w: obuwia zmiennego, drugiego \u015bniadania, bidonu na wod\u0119.<\/span><\/span><\/span><\/p>\n<\/li>\n<\/ol>\n<ol start=\"5\">\n<li>\n<p class=\"western\" align=\"left\"><span style=\"color: #222a35\"><span style=\"font-size: large\">Program p\u00f3\u0142kolonii mo\u017ce ulec zmianie w zale\u017cno\u015bci od pogody<br \/>\ni przyczyn niezale\u017cnych od Organizatora. <\/span><\/span><\/p>\n<\/li>\n<\/ol>\n<p><strong><a href=\"https:\/\/zsp25.edu.wroclaw.pl\/wp-content\/uploads\/sites\/77\/2025\/05\/Karta-kwalifikacyjna-uczestnika-polkoloni-ZSP-25.pdf\">Karta kwalifikacyjna uczestnika p\u00f3\u0142kolonii ZSP 25<\/a><\/strong><\/p>\n<p><strong><a href=\"https:\/\/zsp25.edu.wroclaw.pl\/wp-content\/uploads\/sites\/77\/2025\/05\/Regulamin-rekrutacji-na-polkolonie-letnie.pdf\">Regulamin rekrutacji na p\u00f3\u0142kolonie letnie<\/a><\/strong><\/p>\n<p><strong><a href=\"https:\/\/zsp25.edu.wroclaw.pl\/wp-content\/uploads\/sites\/77\/2025\/05\/Regulamin-polkoloni-letniej-ZSP-25.pdf\">Regulamin p\u00f3\u0142kolonii letniej ZSP 25<\/a><\/strong><\/p>\n<p><strong><a href=\"https:\/\/zsp25.edu.wroclaw.pl\/wp-content\/uploads\/sites\/77\/2025\/05\/Klauzula-RODO-polkolonie.pdf\">Klauzula RODO- p\u00f3\u0142kolonie<\/a><\/strong><\/p>\n<p><strong><a href=\"https:\/\/zsp25.edu.wroclaw.pl\/wp-content\/uploads\/sites\/77\/2025\/05\/Oswiadczenie-samodzielny-powrot.pdf\">O\u015bwiadczenie &#8211; samodzielny powr\u00f3t<\/a><\/strong><\/p>\n<p><strong><a href=\"https:\/\/zsp25.edu.wroclaw.pl\/wp-content\/uploads\/sites\/77\/2025\/05\/Zgoda-na-wizerunek.pdf\">Zgoda na wizerunek<\/a><\/strong><\/p>\n<p><strong><a href=\"https:\/\/zsp25.edu.wroclaw.pl\/wp-content\/uploads\/sites\/77\/2025\/05\/Ramowy-plan-dnia.pdf\">Ramowy plan dnia<\/a><\/strong><\/p>\n<p><strong><a href=\"https:\/\/zsp25.edu.wroclaw.pl\/wp-content\/uploads\/sites\/77\/2025\/05\/Informacja-na-strone-www-ulotka.pdf\">Ulotka &#8211; najwa\u017cniejsze informacje<\/a><\/strong><\/p>\n","protected":false},"excerpt":{"rendered":"<p>P\u00d3\u0141KOLONIE LETNIE w Zespole Szkolno-Przedszkolnym nr 25 we Wroc\u0142awiu Termin: 30.06.2025r.- 04.07.2025r. w godz. 7:00-16:00 Koszt p\u00f3\u0142kolonii \u2013 450,00 z\u0142 W op\u0142at\u0119 wliczone jest: wy\u017cywienie \u2013 obiad dwudaniowy + deser [&hellip;]<\/p>\n","protected":false},"author":222,"featured_media":5855,"comment_status":"closed","ping_status":"closed","sticky":false,"template":"","format":"standard","meta":{"footnotes":""},"categories":[1],"tags":[],"class_list":["post-5846","post","type-post","status-publish","format-standard","has-post-thumbnail","hentry","category-aktualnosci","clearfix"],"_links":{"self":[{"href":"https:\/\/zsp25.edu.wroclaw.pl\/index.php\/wp-json\/wp\/v2\/posts\/5846","targetHints":{"allow":["GET"]}}],"collection":[{"href":"https:\/\/zsp25.edu.wroclaw.pl\/index.php\/wp-json\/wp\/v2\/posts"}],"about":[{"href":"https:\/\/zsp25.edu.wroclaw.pl\/index.php\/wp-json\/wp\/v2\/types\/post"}],"author":[{"embeddable":true,"href":"https:\/\/zsp25.edu.wroclaw.pl\/index.php\/wp-json\/wp\/v2\/users\/222"}],"replies":[{"embeddable":true,"href":"https:\/\/zsp25.edu.wroclaw.pl\/index.php\/wp-json\/wp\/v2\/comments?post=5846"}],"version-history":[{"count":2,"href":"https:\/\/zsp25.edu.wroclaw.pl\/index.php\/wp-json\/wp\/v2\/posts\/5846\/revisions"}],"predecessor-version":[{"id":5857,"href":"https:\/\/zsp25.edu.wroclaw.pl\/index.php\/wp-json\/wp\/v2\/posts\/5846\/revisions\/5857"}],"wp:featuredmedia":[{"embeddable":true,"href":"https:\/\/zsp25.edu.wroclaw.pl\/index.php\/wp-json\/wp\/v2\/media\/5855"}],"wp:attachment":[{"href":"https:\/\/zsp25.edu.wroclaw.pl\/index.php\/wp-json\/wp\/v2\/media?parent=5846"}],"wp:term":[{"taxonomy":"category","embeddable":true,"href":"https:\/\/zsp25.edu.wroclaw.pl\/index.php\/wp-json\/wp\/v2\/categories?post=5846"},{"taxonomy":"post_tag","embeddable":true,"href":"https:\/\/zsp25.edu.wroclaw.pl\/index.php\/wp-json\/wp\/v2\/tags?post=5846"}],"curies":[{"name":"wp","href":"https:\/\/api.w.org\/{rel}","templated":true}]}}