
{"id":5861,"date":"2025-06-02T09:36:47","date_gmt":"2025-06-02T07:36:47","guid":{"rendered":"https:\/\/zsp25.edu.wroclaw.pl\/?p=5861"},"modified":"2025-06-02T09:36:47","modified_gmt":"2025-06-02T07:36:47","slug":"dzien-europy","status":"publish","type":"post","link":"https:\/\/zsp25.edu.wroclaw.pl\/index.php\/dzien-europy\/2025\/06\/02\/dbabczynska\/","title":{"rendered":"Dzie\u0144 Europy"},"content":{"rendered":"<p><strong>Dzie\u0144 Europy, Dzie\u0144 Funduszy Europejskich, Dzie\u0144 Unii Europejskiej &#8211; kilka nazw, jedna idea &#8211; wsp\u00f3lne \u015bwi\u0119towanie r\u00f3\u017cnorodno\u015bci i przynale\u017cno\u015bci\u00a0<\/strong><\/p>\n<div><strong>9 maja<\/strong> w szkole przy ul. Asfaltowej by\u0142 bardzo europejski. Rozpoczynaj\u0105c od licznych dekoracji zwi\u0105zanych z krajami Europy, poprzez r\u00f3\u017cne konkursy zorganizowane dla uczni\u00f3w, na wsp\u00f3lnej zabawie w sali gimnastycznej, ko\u0144cz\u0105c! A co dok\u0142adnie si\u0119 dzia\u0142o?<\/div>\n<div>W tym dniu odwiedzili nas znamienici go\u015bcie: Dyrektor Zarz\u0105dzania Funduszami &#8211; pani Dorota Olearnik, Dyrektor Centrum Plac\u00f3wek Kszta\u0142cenia Zawodowego \u2013 pani Anna Cho\u0142odecka,\u00a0 Reprezentantka Dzia\u0142u Projekt\u00f3w Edukacyjnych z Departamentu Edukacji \u2013 pani Ewelina Wasi\u0144ska, Opiekun Projektu w Wydziale Zarz\u0105dzania Funduszami &#8211; pani Katarzyna Kulczyk, Opiekun Dzia\u0142u Projekt\u00f3w Infrastrukturalnych \u2013 pani Magdalena Dymitulis. Serdecznie dzi\u0119kujemy za wizyt\u0119!<\/div>\n<div>Ka\u017cda z klas 1-3 przygotowa\u0142a przed swoj\u0105 klas\u0105 stoisko tematyczne dotycz\u0105ce przydzielonego im kraju. By\u0142y plakaty o kulturze, zabytkach, mn\u00f3stwo regionalnych ciekawostek i oczywi\u015bcie przek\u0105ski! Du\u017co pysznych, tradycyjnych dla danego pa\u0144stwa przek\u0105sek.\u00a0 Wszystko po to, aby przybli\u017cy\u0107 najm\u0142odszym uczniom jak najlepiej kultur\u0119 i tradycje wybranego kraju europejskiego.<\/div>\n<div>Starsi uczniowie przygotowali natomiast wyst\u0119py artystyczne zwi\u0105zane z przydzielonym krajem. By\u0142y czeskie skecze, greckie tragedie, hiszpa\u0144skie flamenco, belgijka i wiele, wiele innych ciekawych wyst\u0119p\u00f3w.\u00a0 W sali gimnastycznej odby\u0142 si\u0119 r\u00f3wnie\u017c apel,\u00a0 na kt\u00f3rym przypomniano histori\u0119 utworzenia Unii Europejskiej. Po cz\u0119\u015bci artystycznej uczniowie klas 4-7 wzi\u0119li udzia\u0142 w mi\u0119dzyklasowym konkursie wiedzy o Unii Europejskiej. Rywalizacja by\u0142a bardzo zaci\u0119ta i nie oby\u0142o si\u0119 bez kilku dogrywek! <strong>Zwyci\u0119zcami okaza\u0142a si\u0119 klas 5c,\u00a0 II miejsce zaj\u0119\u0142a 4d, a podium zamkn\u0119li reprezentanci klasy 7 b.<\/strong><\/div>\n<div>Dla wszystkich ch\u0119tnych przygotowano r\u00f3wnie\u017c ciekawe warsztaty, m.in LEGO, chemiczne, szyde\u0142kowanie, arytmetyka mentalna,\u00a0 w kt\u00f3rych mo\u017cna by\u0142o wzi\u0105\u0107 udzia\u0142 w diadzie rodzic &#8211; dziecko!<\/div>\n<div>Bardzo dzi\u0119kujemy za wsp\u00f3ln\u0105 zabaw\u0119 i ogromne zaanga\u017cowanie uczni\u00f3w, nauczycieli i rodzic\u00f3w!<\/div>\n<div><\/div>\n<div style=\"text-align: right\"><strong>Alicja Majcherek<\/strong><\/div>\n<div><\/div>\n<div><img loading=\"lazy\" decoding=\"async\" class=\"alignnone size-medium wp-image-5863\" src=\"https:\/\/zsp25.edu.wroclaw.pl\/wp-content\/uploads\/sites\/77\/2025\/06\/1000054218-300x225.jpg\" alt=\"\" width=\"300\" height=\"225\" srcset=\"https:\/\/zsp25.edu.wroclaw.pl\/wp-content\/uploads\/sites\/77\/2025\/06\/1000054218-300x225.jpg 300w, https:\/\/zsp25.edu.wroclaw.pl\/wp-content\/uploads\/sites\/77\/2025\/06\/1000054218-768x576.jpg 768w, https:\/\/zsp25.edu.wroclaw.pl\/wp-content\/uploads\/sites\/77\/2025\/06\/1000054218.jpg 800w\" sizes=\"auto, (max-width: 300px) 100vw, 300px\" \/> <img loading=\"lazy\" decoding=\"async\" class=\"alignnone size-medium wp-image-5864\" src=\"https:\/\/zsp25.edu.wroclaw.pl\/wp-content\/uploads\/sites\/77\/2025\/06\/1000054252-225x300.jpg\" alt=\"\" width=\"225\" height=\"300\" srcset=\"https:\/\/zsp25.edu.wroclaw.pl\/wp-content\/uploads\/sites\/77\/2025\/06\/1000054252-225x300.jpg 225w, https:\/\/zsp25.edu.wroclaw.pl\/wp-content\/uploads\/sites\/77\/2025\/06\/1000054252.jpg 600w\" sizes=\"auto, (max-width: 225px) 100vw, 225px\" \/> <img loading=\"lazy\" decoding=\"async\" class=\"alignnone size-medium wp-image-5865\" src=\"https:\/\/zsp25.edu.wroclaw.pl\/wp-content\/uploads\/sites\/77\/2025\/06\/1000054261-225x300.jpg\" alt=\"\" width=\"225\" height=\"300\" srcset=\"https:\/\/zsp25.edu.wroclaw.pl\/wp-content\/uploads\/sites\/77\/2025\/06\/1000054261-225x300.jpg 225w, https:\/\/zsp25.edu.wroclaw.pl\/wp-content\/uploads\/sites\/77\/2025\/06\/1000054261.jpg 600w\" sizes=\"auto, (max-width: 225px) 100vw, 225px\" \/> <img loading=\"lazy\" decoding=\"async\" class=\"alignnone size-medium wp-image-5866\" src=\"https:\/\/zsp25.edu.wroclaw.pl\/wp-content\/uploads\/sites\/77\/2025\/06\/1000054263-225x300.jpg\" alt=\"\" width=\"225\" height=\"300\" srcset=\"https:\/\/zsp25.edu.wroclaw.pl\/wp-content\/uploads\/sites\/77\/2025\/06\/1000054263-225x300.jpg 225w, https:\/\/zsp25.edu.wroclaw.pl\/wp-content\/uploads\/sites\/77\/2025\/06\/1000054263.jpg 600w\" sizes=\"auto, (max-width: 225px) 100vw, 225px\" \/> <img loading=\"lazy\" decoding=\"async\" class=\"alignnone size-medium wp-image-5867\" src=\"https:\/\/zsp25.edu.wroclaw.pl\/wp-content\/uploads\/sites\/77\/2025\/06\/1000054267-225x300.jpg\" alt=\"\" width=\"225\" height=\"300\" srcset=\"https:\/\/zsp25.edu.wroclaw.pl\/wp-content\/uploads\/sites\/77\/2025\/06\/1000054267-225x300.jpg 225w, https:\/\/zsp25.edu.wroclaw.pl\/wp-content\/uploads\/sites\/77\/2025\/06\/1000054267.jpg 600w\" sizes=\"auto, (max-width: 225px) 100vw, 225px\" \/> <img loading=\"lazy\" decoding=\"async\" class=\"alignnone size-medium wp-image-5868\" src=\"https:\/\/zsp25.edu.wroclaw.pl\/wp-content\/uploads\/sites\/77\/2025\/06\/IMG-20250509-WA0029-225x300.jpg\" alt=\"\" width=\"225\" height=\"300\" srcset=\"https:\/\/zsp25.edu.wroclaw.pl\/wp-content\/uploads\/sites\/77\/2025\/06\/IMG-20250509-WA0029-225x300.jpg 225w, https:\/\/zsp25.edu.wroclaw.pl\/wp-content\/uploads\/sites\/77\/2025\/06\/IMG-20250509-WA0029.jpg 600w\" sizes=\"auto, (max-width: 225px) 100vw, 225px\" \/> <img loading=\"lazy\" decoding=\"async\" class=\"alignnone size-medium wp-image-5869\" src=\"https:\/\/zsp25.edu.wroclaw.pl\/wp-content\/uploads\/sites\/77\/2025\/06\/IMG-20250509-WA0070-225x300.jpg\" alt=\"\" width=\"225\" height=\"300\" srcset=\"https:\/\/zsp25.edu.wroclaw.pl\/wp-content\/uploads\/sites\/77\/2025\/06\/IMG-20250509-WA0070-225x300.jpg 225w, https:\/\/zsp25.edu.wroclaw.pl\/wp-content\/uploads\/sites\/77\/2025\/06\/IMG-20250509-WA0070.jpg 600w\" sizes=\"auto, (max-width: 225px) 100vw, 225px\" \/> <img loading=\"lazy\" decoding=\"async\" class=\"alignnone size-medium wp-image-5870\" src=\"https:\/\/zsp25.edu.wroclaw.pl\/wp-content\/uploads\/sites\/77\/2025\/06\/IMG-20250509-WA0076-225x300.jpg\" alt=\"\" width=\"225\" height=\"300\" srcset=\"https:\/\/zsp25.edu.wroclaw.pl\/wp-content\/uploads\/sites\/77\/2025\/06\/IMG-20250509-WA0076-225x300.jpg 225w, https:\/\/zsp25.edu.wroclaw.pl\/wp-content\/uploads\/sites\/77\/2025\/06\/IMG-20250509-WA0076.jpg 600w\" sizes=\"auto, (max-width: 225px) 100vw, 225px\" \/> <img loading=\"lazy\" decoding=\"async\" class=\"alignnone size-medium wp-image-5871\" src=\"https:\/\/zsp25.edu.wroclaw.pl\/wp-content\/uploads\/sites\/77\/2025\/06\/IMG-20250509-WA0105-225x300.jpg\" alt=\"\" width=\"225\" height=\"300\" srcset=\"https:\/\/zsp25.edu.wroclaw.pl\/wp-content\/uploads\/sites\/77\/2025\/06\/IMG-20250509-WA0105-225x300.jpg 225w, https:\/\/zsp25.edu.wroclaw.pl\/wp-content\/uploads\/sites\/77\/2025\/06\/IMG-20250509-WA0105.jpg 600w\" sizes=\"auto, (max-width: 225px) 100vw, 225px\" \/> <img loading=\"lazy\" decoding=\"async\" class=\"alignnone size-medium wp-image-5873\" src=\"https:\/\/zsp25.edu.wroclaw.pl\/wp-content\/uploads\/sites\/77\/2025\/06\/IMG-20250509-WA0214-300x225.jpg\" alt=\"\" width=\"300\" height=\"225\" srcset=\"https:\/\/zsp25.edu.wroclaw.pl\/wp-content\/uploads\/sites\/77\/2025\/06\/IMG-20250509-WA0214-300x225.jpg 300w, https:\/\/zsp25.edu.wroclaw.pl\/wp-content\/uploads\/sites\/77\/2025\/06\/IMG-20250509-WA0214-768x576.jpg 768w, https:\/\/zsp25.edu.wroclaw.pl\/wp-content\/uploads\/sites\/77\/2025\/06\/IMG-20250509-WA0214.jpg 800w\" sizes=\"auto, (max-width: 300px) 100vw, 300px\" \/> <img loading=\"lazy\" decoding=\"async\" class=\"alignnone size-medium wp-image-5874\" src=\"https:\/\/zsp25.edu.wroclaw.pl\/wp-content\/uploads\/sites\/77\/2025\/06\/IMG-20250509-WA0247-300x225.jpg\" alt=\"\" width=\"300\" height=\"225\" srcset=\"https:\/\/zsp25.edu.wroclaw.pl\/wp-content\/uploads\/sites\/77\/2025\/06\/IMG-20250509-WA0247-300x225.jpg 300w, https:\/\/zsp25.edu.wroclaw.pl\/wp-content\/uploads\/sites\/77\/2025\/06\/IMG-20250509-WA0247-768x576.jpg 768w, https:\/\/zsp25.edu.wroclaw.pl\/wp-content\/uploads\/sites\/77\/2025\/06\/IMG-20250509-WA0247.jpg 800w\" sizes=\"auto, (max-width: 300px) 100vw, 300px\" \/><\/div>\n","protected":false},"excerpt":{"rendered":"<p>Dzie\u0144 Europy, Dzie\u0144 Funduszy Europejskich, Dzie\u0144 Unii Europejskiej &#8211; kilka nazw, jedna idea &#8211; wsp\u00f3lne \u015bwi\u0119towanie r\u00f3\u017cnorodno\u015bci i przynale\u017cno\u015bci\u00a0 9 maja w szkole przy ul. Asfaltowej by\u0142 bardzo europejski. Rozpoczynaj\u0105c [&hellip;]<\/p>\n","protected":false},"author":222,"featured_media":5872,"comment_status":"closed","ping_status":"closed","sticky":false,"template":"","format":"standard","meta":{"footnotes":""},"categories":[1],"tags":[],"class_list":["post-5861","post","type-post","status-publish","format-standard","has-post-thumbnail","hentry","category-aktualnosci","clearfix"],"_links":{"self":[{"href":"https:\/\/zsp25.edu.wroclaw.pl\/index.php\/wp-json\/wp\/v2\/posts\/5861","targetHints":{"allow":["GET"]}}],"collection":[{"href":"https:\/\/zsp25.edu.wroclaw.pl\/index.php\/wp-json\/wp\/v2\/posts"}],"about":[{"href":"https:\/\/zsp25.edu.wroclaw.pl\/index.php\/wp-json\/wp\/v2\/types\/post"}],"author":[{"embeddable":true,"href":"https:\/\/zsp25.edu.wroclaw.pl\/index.php\/wp-json\/wp\/v2\/users\/222"}],"replies":[{"embeddable":true,"href":"https:\/\/zsp25.edu.wroclaw.pl\/index.php\/wp-json\/wp\/v2\/comments?post=5861"}],"version-history":[{"count":1,"href":"https:\/\/zsp25.edu.wroclaw.pl\/index.php\/wp-json\/wp\/v2\/posts\/5861\/revisions"}],"predecessor-version":[{"id":5875,"href":"https:\/\/zsp25.edu.wroclaw.pl\/index.php\/wp-json\/wp\/v2\/posts\/5861\/revisions\/5875"}],"wp:featuredmedia":[{"embeddable":true,"href":"https:\/\/zsp25.edu.wroclaw.pl\/index.php\/wp-json\/wp\/v2\/media\/5872"}],"wp:attachment":[{"href":"https:\/\/zsp25.edu.wroclaw.pl\/index.php\/wp-json\/wp\/v2\/media?parent=5861"}],"wp:term":[{"taxonomy":"category","embeddable":true,"href":"https:\/\/zsp25.edu.wroclaw.pl\/index.php\/wp-json\/wp\/v2\/categories?post=5861"},{"taxonomy":"post_tag","embeddable":true,"href":"https:\/\/zsp25.edu.wroclaw.pl\/index.php\/wp-json\/wp\/v2\/tags?post=5861"}],"curies":[{"name":"wp","href":"https:\/\/api.w.org\/{rel}","templated":true}]}}