
{"id":5913,"date":"2025-06-02T19:56:28","date_gmt":"2025-06-02T17:56:28","guid":{"rendered":"https:\/\/zsp25.edu.wroclaw.pl\/?p=5913"},"modified":"2025-06-02T19:57:34","modified_gmt":"2025-06-02T17:57:34","slug":"szkolny-festyn-rodzinny-2025","status":"publish","type":"post","link":"https:\/\/zsp25.edu.wroclaw.pl\/index.php\/szkolny-festyn-rodzinny-2025\/2025\/06\/02\/dbabczynska\/","title":{"rendered":"Szkolny Festyn Rodzinny 2025"},"content":{"rendered":"<div dir=\"auto\">*Rada Rodzic\u00f3w SP11 wraz z Dyrekcj\u0105 zaprasza serdecznie* wszystkie Dzieci, Nauczycieli i Obs\u0142ug\u0119 SP Nr11 wraz z Rodzinami na **Szkolny Festyn Rodzinny &#8211; 14 czerwca 2025, 10:00-14:00.*<\/div>\n<div dir=\"auto\">*<\/div>\n<div dir=\"auto\">B\u0119dzie weso\u0142o, kolorowo, pysznie i interaktywnie. Przygotowali\u015bmy dla Was mn\u00f3stwo atrakcji i niespodzianek. Ka\u017cdy znajdzie co\u015b dla siebie\u00a0<img decoding=\"async\" class=\"an1\" src=\"https:\/\/fonts.gstatic.com\/s\/e\/notoemoji\/16.0\/1f970\/72.png\" alt=\"\ud83e\udd70\" data-emoji=\"\ud83e\udd70\" aria-label=\"\ud83e\udd70\" \/><img decoding=\"async\" class=\"an1\" src=\"https:\/\/fonts.gstatic.com\/s\/e\/notoemoji\/16.0\/1f929\/72.png\" alt=\"\ud83e\udd29\" data-emoji=\"\ud83e\udd29\" aria-label=\"\ud83e\udd29\" \/>\u00a0W za\u0142\u0105czeniu plakat, a poni\u017cej szczeg\u00f3\u0142y organizacyjne.<\/div>\n<div dir=\"auto\"><\/div>\n<div dir=\"auto\">Do zobaczenia ju\u017c niebawem\u00a0<img decoding=\"async\" class=\"an1\" src=\"https:\/\/fonts.gstatic.com\/s\/e\/notoemoji\/16.0\/2764\/72.png\" alt=\"\u2764\" data-emoji=\"\u2764\" aria-label=\"\u2764\" \/><\/div>\n<div dir=\"auto\"><\/div>\n<p><!--more--><\/p>\n<p><img loading=\"lazy\" decoding=\"async\" class=\"wp-image-5914 aligncenter\" src=\"https:\/\/zsp25.edu.wroclaw.pl\/wp-content\/uploads\/sites\/77\/2025\/06\/IMG-20250602-WA0002-212x300.jpg\" alt=\"\" width=\"291\" height=\"411\" srcset=\"https:\/\/zsp25.edu.wroclaw.pl\/wp-content\/uploads\/sites\/77\/2025\/06\/IMG-20250602-WA0002-212x300.jpg 212w, https:\/\/zsp25.edu.wroclaw.pl\/wp-content\/uploads\/sites\/77\/2025\/06\/IMG-20250602-WA0002-724x1024.jpg 724w, https:\/\/zsp25.edu.wroclaw.pl\/wp-content\/uploads\/sites\/77\/2025\/06\/IMG-20250602-WA0002-768x1086.jpg 768w, https:\/\/zsp25.edu.wroclaw.pl\/wp-content\/uploads\/sites\/77\/2025\/06\/IMG-20250602-WA0002-1086x1536.jpg 1086w, https:\/\/zsp25.edu.wroclaw.pl\/wp-content\/uploads\/sites\/77\/2025\/06\/IMG-20250602-WA0002.jpg 1131w\" sizes=\"auto, (max-width: 291px) 100vw, 291px\" \/><\/p>\n","protected":false},"excerpt":{"rendered":"<p>*Rada Rodzic\u00f3w SP11 wraz z Dyrekcj\u0105 zaprasza serdecznie* wszystkie Dzieci, Nauczycieli i Obs\u0142ug\u0119 SP Nr11 wraz z Rodzinami na **Szkolny Festyn Rodzinny &#8211; 14 czerwca 2025, 10:00-14:00.* * B\u0119dzie weso\u0142o, [&hellip;]<\/p>\n","protected":false},"author":222,"featured_media":5916,"comment_status":"closed","ping_status":"closed","sticky":false,"template":"","format":"standard","meta":{"footnotes":""},"categories":[1],"tags":[],"class_list":["post-5913","post","type-post","status-publish","format-standard","has-post-thumbnail","hentry","category-aktualnosci","clearfix"],"_links":{"self":[{"href":"https:\/\/zsp25.edu.wroclaw.pl\/index.php\/wp-json\/wp\/v2\/posts\/5913","targetHints":{"allow":["GET"]}}],"collection":[{"href":"https:\/\/zsp25.edu.wroclaw.pl\/index.php\/wp-json\/wp\/v2\/posts"}],"about":[{"href":"https:\/\/zsp25.edu.wroclaw.pl\/index.php\/wp-json\/wp\/v2\/types\/post"}],"author":[{"embeddable":true,"href":"https:\/\/zsp25.edu.wroclaw.pl\/index.php\/wp-json\/wp\/v2\/users\/222"}],"replies":[{"embeddable":true,"href":"https:\/\/zsp25.edu.wroclaw.pl\/index.php\/wp-json\/wp\/v2\/comments?post=5913"}],"version-history":[{"count":2,"href":"https:\/\/zsp25.edu.wroclaw.pl\/index.php\/wp-json\/wp\/v2\/posts\/5913\/revisions"}],"predecessor-version":[{"id":5917,"href":"https:\/\/zsp25.edu.wroclaw.pl\/index.php\/wp-json\/wp\/v2\/posts\/5913\/revisions\/5917"}],"wp:featuredmedia":[{"embeddable":true,"href":"https:\/\/zsp25.edu.wroclaw.pl\/index.php\/wp-json\/wp\/v2\/media\/5916"}],"wp:attachment":[{"href":"https:\/\/zsp25.edu.wroclaw.pl\/index.php\/wp-json\/wp\/v2\/media?parent=5913"}],"wp:term":[{"taxonomy":"category","embeddable":true,"href":"https:\/\/zsp25.edu.wroclaw.pl\/index.php\/wp-json\/wp\/v2\/categories?post=5913"},{"taxonomy":"post_tag","embeddable":true,"href":"https:\/\/zsp25.edu.wroclaw.pl\/index.php\/wp-json\/wp\/v2\/tags?post=5913"}],"curies":[{"name":"wp","href":"https:\/\/api.w.org\/{rel}","templated":true}]}}