
{"id":6292,"date":"2025-07-30T10:02:17","date_gmt":"2025-07-30T08:02:17","guid":{"rendered":"https:\/\/zsp25.edu.wroclaw.pl\/?p=6292"},"modified":"2025-07-30T10:02:58","modified_gmt":"2025-07-30T08:02:58","slug":"wakacje","status":"publish","type":"post","link":"https:\/\/zsp25.edu.wroclaw.pl\/index.php\/wakacje\/2025\/07\/30\/dbabczynska\/","title":{"rendered":"WAKACJE"},"content":{"rendered":"<p><span style=\"font-size: 20px;color: #ff0000\">Przypominamy, \u017ce od 1.08.25 do 31.08.2025 przedszkole ma przerw\u0119 wakacyjn\u0105.<\/span><!--more--><\/p>\n<p style=\"text-align: center\"><span style=\"font-size: 36px;font-family: 'comic sans ms', sans-serif\">Wszystkim dzieciom \u017cyczymy <\/span><\/p>\n<p style=\"text-align: center\"><span style=\"font-size: 36px;font-family: 'comic sans ms', sans-serif\"><strong><span style=\"color: #ffcc00\">s\u0142onecznych<\/span><\/strong>, <strong><span style=\"color: #3366ff\">radosnych<\/span><\/strong> i <strong><span style=\"color: #339966\">bezpiecznych<\/span><\/strong> <\/span><\/p>\n<p style=\"text-align: center\"><span style=\"font-size: 36px;font-family: 'comic sans ms', sans-serif\">wakacji \ud83d\ude42\u00a0<\/span><\/p>\n","protected":false},"excerpt":{"rendered":"<p>Przypominamy, \u017ce od 1.08.25 do 31.08.2025 przedszkole ma przerw\u0119 wakacyjn\u0105.<\/p>\n","protected":false},"author":222,"featured_media":6291,"comment_status":"closed","ping_status":"closed","sticky":false,"template":"","format":"standard","meta":{"footnotes":""},"categories":[6,7,8,9,10,11,12,13,14],"tags":[],"class_list":["post-6292","post","type-post","status-publish","format-standard","has-post-thumbnail","hentry","category-grupa-i-aktualnosci","category-grupa-ii-aktualnosci","category-grupa-iii-aktualnosci","category-grupa-iv-aktualnosci","category-grupa-v-aktualnosci","category-grupa-vi-aktualnosci","category-grupa-vii-aktualnosci","category-grupa-viii-aktualnosci","category-p111-aktualnosci","clearfix"],"_links":{"self":[{"href":"https:\/\/zsp25.edu.wroclaw.pl\/index.php\/wp-json\/wp\/v2\/posts\/6292","targetHints":{"allow":["GET"]}}],"collection":[{"href":"https:\/\/zsp25.edu.wroclaw.pl\/index.php\/wp-json\/wp\/v2\/posts"}],"about":[{"href":"https:\/\/zsp25.edu.wroclaw.pl\/index.php\/wp-json\/wp\/v2\/types\/post"}],"author":[{"embeddable":true,"href":"https:\/\/zsp25.edu.wroclaw.pl\/index.php\/wp-json\/wp\/v2\/users\/222"}],"replies":[{"embeddable":true,"href":"https:\/\/zsp25.edu.wroclaw.pl\/index.php\/wp-json\/wp\/v2\/comments?post=6292"}],"version-history":[{"count":2,"href":"https:\/\/zsp25.edu.wroclaw.pl\/index.php\/wp-json\/wp\/v2\/posts\/6292\/revisions"}],"predecessor-version":[{"id":6294,"href":"https:\/\/zsp25.edu.wroclaw.pl\/index.php\/wp-json\/wp\/v2\/posts\/6292\/revisions\/6294"}],"wp:featuredmedia":[{"embeddable":true,"href":"https:\/\/zsp25.edu.wroclaw.pl\/index.php\/wp-json\/wp\/v2\/media\/6291"}],"wp:attachment":[{"href":"https:\/\/zsp25.edu.wroclaw.pl\/index.php\/wp-json\/wp\/v2\/media?parent=6292"}],"wp:term":[{"taxonomy":"category","embeddable":true,"href":"https:\/\/zsp25.edu.wroclaw.pl\/index.php\/wp-json\/wp\/v2\/categories?post=6292"},{"taxonomy":"post_tag","embeddable":true,"href":"https:\/\/zsp25.edu.wroclaw.pl\/index.php\/wp-json\/wp\/v2\/tags?post=6292"}],"curies":[{"name":"wp","href":"https:\/\/api.w.org\/{rel}","templated":true}]}}