
{"id":6699,"date":"2025-10-27T09:40:06","date_gmt":"2025-10-27T08:40:06","guid":{"rendered":"https:\/\/zsp25.edu.wroclaw.pl\/?p=6699"},"modified":"2025-11-18T18:30:00","modified_gmt":"2025-11-18T17:30:00","slug":"dzien-edukacji-narodowej-w-naszej-szkole","status":"publish","type":"post","link":"https:\/\/zsp25.edu.wroclaw.pl\/index.php\/dzien-edukacji-narodowej-w-naszej-szkole\/2025\/10\/27\/dbabczynska\/","title":{"rendered":"Dzie\u0144 Edukacji Narodowej w naszej szkole"},"content":{"rendered":"<p>Wierni tradycji &#8211; 14 pa\u017adziernika br. &#8211;\u00a0 obchodzili\u015bmy w naszej szkole Dzie\u0144\u00a0 Edukacji Narodowej.<!--more--><\/p>\n<p>Z tej okazji nauczyciele i uczniowie przygotowali akademi\u0119 dla uczni\u00f3w\u00a0 klas m\u0142odszych i starszych.<\/p>\n<p>W programie artystycznym &#8211; przygotowanym przez klasy 2e, 2g, 2h, pt. &#8222;Wszyscy Nauczyciele s\u0105 Najlepsi&#8221; nie zabrak\u0142o wierszy, piosenek, ta\u0144c\u00f3w, humorystycznych scenek, ciep\u0142ych s\u0142\u00f3w i podzi\u0119kowa\u0144. M\u0142odzi arty\u015bci wykazali si\u0119 ogromnym zaanga\u017cowaniem, a ich wyst\u0119py zosta\u0142y nagrodzone gromkimi brawami.<\/p>\n<p>Uczniowie klasy 5A i 5D przygotowali wyst\u0119p humorystyczny. Wyst\u0119p dotyczy\u0142 najnowszych zdobyczy nauki, kt\u00f3re z pewno\u015bci\u0105 usprawni\u0105 jak\u017ce ci\u0119\u017cki i wymagaj\u0105cy proces dydaktyczny. Uczniowie klas 4-8 oraz nauczyciele mogli zapozna\u0107 si\u0119 z ofertami wielu firm. Hitem prezentacji by\u0142y: przepuszczark\u0105 uniwersalna, r\u00f3\u017cowe okulary, a tak\u017ce dyby szkolne.<\/p>\n<p>W czasie uroczysto\u015bci Pani Dyrektor Dagmara Babczy\u0144ska podzi\u0119kowa\u0142a wszystkim nauczycielom i pracownikom obs\u0142ugi doceniaj\u0105c ich trud, zaanga\u017cowanie i codzienn\u0105 prac\u0119. By\u0142 to moment pe\u0142en wzrusze\u0144, wdzi\u0119czno\u015bci i dumy ze wsp\u00f3lnej pracy na rzecz edukacji.<\/p>\n<p>Dzie\u0144 Edukacji Narodowej to nie tylko \u015bwi\u0119to nauczycieli, ale ca\u0142ej spo\u0142eczno\u015bci szkolnej &#8211; uczni\u00f3w, pracownik\u00f3w i rodzic\u00f3w. To doskona\u0142a okazja, by zatrzyma\u0107 si\u0119 na chwil\u0119 i doceni\u0107 warto\u015b\u0107 nauki, wychowania i wsp\u00f3lnego budowania \u015brodowiska, w kt\u00f3rym ka\u017cde dziecko mo\u017ce rozwija\u0107 swoje talenty.<\/p>\n<p>Dzi\u0119kujemy wszystkim nauczycielom, kt\u00f3rzy w\u0142\u0105czyli si\u0119 w organizacj\u0119 i przygotowanie tego dnia.<\/p>\n<p><img loading=\"lazy\" decoding=\"async\" class=\"alignnone size-medium wp-image-6701\" src=\"https:\/\/zsp25.edu.wroclaw.pl\/wp-content\/uploads\/sites\/77\/2025\/10\/1000031231-300x135.jpg\" alt=\"\" width=\"300\" height=\"135\" srcset=\"https:\/\/zsp25.edu.wroclaw.pl\/wp-content\/uploads\/sites\/77\/2025\/10\/1000031231-300x135.jpg 300w, https:\/\/zsp25.edu.wroclaw.pl\/wp-content\/uploads\/sites\/77\/2025\/10\/1000031231-1024x461.jpg 1024w, https:\/\/zsp25.edu.wroclaw.pl\/wp-content\/uploads\/sites\/77\/2025\/10\/1000031231-768x346.jpg 768w, https:\/\/zsp25.edu.wroclaw.pl\/wp-content\/uploads\/sites\/77\/2025\/10\/1000031231-1536x691.jpg 1536w, https:\/\/zsp25.edu.wroclaw.pl\/wp-content\/uploads\/sites\/77\/2025\/10\/1000031231-2048x922.jpg 2048w\" sizes=\"auto, (max-width: 300px) 100vw, 300px\" \/><img loading=\"lazy\" decoding=\"async\" class=\"alignnone size-medium wp-image-6702\" src=\"https:\/\/zsp25.edu.wroclaw.pl\/wp-content\/uploads\/sites\/77\/2025\/10\/1000031233-300x135.jpg\" alt=\"\" width=\"300\" height=\"135\" srcset=\"https:\/\/zsp25.edu.wroclaw.pl\/wp-content\/uploads\/sites\/77\/2025\/10\/1000031233-300x135.jpg 300w, https:\/\/zsp25.edu.wroclaw.pl\/wp-content\/uploads\/sites\/77\/2025\/10\/1000031233-1024x461.jpg 1024w, https:\/\/zsp25.edu.wroclaw.pl\/wp-content\/uploads\/sites\/77\/2025\/10\/1000031233-768x346.jpg 768w, https:\/\/zsp25.edu.wroclaw.pl\/wp-content\/uploads\/sites\/77\/2025\/10\/1000031233-1536x691.jpg 1536w, https:\/\/zsp25.edu.wroclaw.pl\/wp-content\/uploads\/sites\/77\/2025\/10\/1000031233-2048x922.jpg 2048w\" sizes=\"auto, (max-width: 300px) 100vw, 300px\" \/><img loading=\"lazy\" decoding=\"async\" class=\"alignnone size-medium wp-image-6703\" src=\"https:\/\/zsp25.edu.wroclaw.pl\/wp-content\/uploads\/sites\/77\/2025\/10\/1000031235-300x135.jpg\" alt=\"\" width=\"300\" height=\"135\" srcset=\"https:\/\/zsp25.edu.wroclaw.pl\/wp-content\/uploads\/sites\/77\/2025\/10\/1000031235-300x135.jpg 300w, https:\/\/zsp25.edu.wroclaw.pl\/wp-content\/uploads\/sites\/77\/2025\/10\/1000031235-1024x461.jpg 1024w, https:\/\/zsp25.edu.wroclaw.pl\/wp-content\/uploads\/sites\/77\/2025\/10\/1000031235-768x346.jpg 768w, https:\/\/zsp25.edu.wroclaw.pl\/wp-content\/uploads\/sites\/77\/2025\/10\/1000031235-1536x691.jpg 1536w, https:\/\/zsp25.edu.wroclaw.pl\/wp-content\/uploads\/sites\/77\/2025\/10\/1000031235-2048x922.jpg 2048w\" sizes=\"auto, (max-width: 300px) 100vw, 300px\" \/><img loading=\"lazy\" decoding=\"async\" class=\"alignnone size-medium wp-image-6704\" src=\"https:\/\/zsp25.edu.wroclaw.pl\/wp-content\/uploads\/sites\/77\/2025\/10\/1000031237-300x135.jpg\" alt=\"\" width=\"300\" height=\"135\" srcset=\"https:\/\/zsp25.edu.wroclaw.pl\/wp-content\/uploads\/sites\/77\/2025\/10\/1000031237-300x135.jpg 300w, https:\/\/zsp25.edu.wroclaw.pl\/wp-content\/uploads\/sites\/77\/2025\/10\/1000031237-1024x461.jpg 1024w, https:\/\/zsp25.edu.wroclaw.pl\/wp-content\/uploads\/sites\/77\/2025\/10\/1000031237-768x346.jpg 768w, https:\/\/zsp25.edu.wroclaw.pl\/wp-content\/uploads\/sites\/77\/2025\/10\/1000031237-1536x691.jpg 1536w, https:\/\/zsp25.edu.wroclaw.pl\/wp-content\/uploads\/sites\/77\/2025\/10\/1000031237-2048x922.jpg 2048w\" sizes=\"auto, (max-width: 300px) 100vw, 300px\" \/><\/p>\n","protected":false},"excerpt":{"rendered":"<p>Wierni tradycji &#8211; 14 pa\u017adziernika br. &#8211;\u00a0 obchodzili\u015bmy w naszej szkole Dzie\u0144\u00a0 Edukacji Narodowej.<\/p>\n","protected":false},"author":222,"featured_media":6700,"comment_status":"closed","ping_status":"closed","sticky":false,"template":"","format":"standard","meta":{"footnotes":""},"categories":[15],"tags":[],"class_list":["post-6699","post","type-post","status-publish","format-standard","has-post-thumbnail","hentry","category-sp11-aktualnosci","clearfix"],"_links":{"self":[{"href":"https:\/\/zsp25.edu.wroclaw.pl\/index.php\/wp-json\/wp\/v2\/posts\/6699","targetHints":{"allow":["GET"]}}],"collection":[{"href":"https:\/\/zsp25.edu.wroclaw.pl\/index.php\/wp-json\/wp\/v2\/posts"}],"about":[{"href":"https:\/\/zsp25.edu.wroclaw.pl\/index.php\/wp-json\/wp\/v2\/types\/post"}],"author":[{"embeddable":true,"href":"https:\/\/zsp25.edu.wroclaw.pl\/index.php\/wp-json\/wp\/v2\/users\/222"}],"replies":[{"embeddable":true,"href":"https:\/\/zsp25.edu.wroclaw.pl\/index.php\/wp-json\/wp\/v2\/comments?post=6699"}],"version-history":[{"count":3,"href":"https:\/\/zsp25.edu.wroclaw.pl\/index.php\/wp-json\/wp\/v2\/posts\/6699\/revisions"}],"predecessor-version":[{"id":6719,"href":"https:\/\/zsp25.edu.wroclaw.pl\/index.php\/wp-json\/wp\/v2\/posts\/6699\/revisions\/6719"}],"wp:featuredmedia":[{"embeddable":true,"href":"https:\/\/zsp25.edu.wroclaw.pl\/index.php\/wp-json\/wp\/v2\/media\/6700"}],"wp:attachment":[{"href":"https:\/\/zsp25.edu.wroclaw.pl\/index.php\/wp-json\/wp\/v2\/media?parent=6699"}],"wp:term":[{"taxonomy":"category","embeddable":true,"href":"https:\/\/zsp25.edu.wroclaw.pl\/index.php\/wp-json\/wp\/v2\/categories?post=6699"},{"taxonomy":"post_tag","embeddable":true,"href":"https:\/\/zsp25.edu.wroclaw.pl\/index.php\/wp-json\/wp\/v2\/tags?post=6699"}],"curies":[{"name":"wp","href":"https:\/\/api.w.org\/{rel}","templated":true}]}}