
{"id":6891,"date":"2025-11-04T09:39:04","date_gmt":"2025-11-04T08:39:04","guid":{"rendered":"https:\/\/zsp25.edu.wroclaw.pl\/?p=6891"},"modified":"2025-11-18T18:28:30","modified_gmt":"2025-11-18T17:28:30","slug":"podsumowanie-akcji-ogolnopolskiej-czytamy-z-sercem","status":"publish","type":"post","link":"https:\/\/zsp25.edu.wroclaw.pl\/index.php\/podsumowanie-akcji-ogolnopolskiej-czytamy-z-sercem\/2025\/11\/04\/dbabczynska\/","title":{"rendered":"Podsumowanie akcji og\u00f3lnopolskiej &#8222;Czytamy z sercem&#8221;"},"content":{"rendered":"<div>Na pocz\u0105tku roku szkolnego 2025\/2026 biblioteka szkolna bra\u0142a udzia\u0142 w og\u00f3lnopolskiej akcji czytelniczej \u201eCzytamy z sercem\u201d, kt\u00f3ra by\u0142a bezp\u0142atn\u0105 inicjatyw\u0105 czytelnicz\u0105 i edukacyjn\u0105 organizowan\u0105 w ramach obchod\u00f3w dw\u00f3ch \u015bwi\u0105t odbywaj\u0105cych si\u0119 29 wrze\u015bnia \u2013 Og\u00f3lnopolskiego Dnia G\u0142o\u015bnego Czytania oraz \u015awiatowego Dnia Serca.<\/div>\n<p><!--more--><\/p>\n<div>Uczniowie uczestniczyli w r\u00f3\u017cnorodnych aktywno\u015bciach zwi\u0105zanych z kszta\u0142towaniem \u015bwiadomo\u015bci prozdrowotnej. Za udzia\u0142 otrzymali\u015bmy podzi\u0119kowanie dla naszej plac\u00f3wki i szkolnego koordynatora akcji.<\/div>\n<div><\/div>\n<div>Joanna Freliga<\/div>\n<div><img loading=\"lazy\" decoding=\"async\" class=\"alignnone size-medium wp-image-6893\" src=\"https:\/\/zsp25.edu.wroclaw.pl\/wp-content\/uploads\/sites\/77\/2025\/11\/7TqIc_mb-218x300.jpeg\" alt=\"\" width=\"218\" height=\"300\" srcset=\"https:\/\/zsp25.edu.wroclaw.pl\/wp-content\/uploads\/sites\/77\/2025\/11\/7TqIc_mb-218x300.jpeg 218w, https:\/\/zsp25.edu.wroclaw.pl\/wp-content\/uploads\/sites\/77\/2025\/11\/7TqIc_mb-745x1024.jpeg 745w, https:\/\/zsp25.edu.wroclaw.pl\/wp-content\/uploads\/sites\/77\/2025\/11\/7TqIc_mb-768x1055.jpeg 768w, https:\/\/zsp25.edu.wroclaw.pl\/wp-content\/uploads\/sites\/77\/2025\/11\/7TqIc_mb.jpeg 1080w\" sizes=\"auto, (max-width: 218px) 100vw, 218px\" \/><img loading=\"lazy\" decoding=\"async\" class=\"alignnone size-medium wp-image-6892\" src=\"https:\/\/zsp25.edu.wroclaw.pl\/wp-content\/uploads\/sites\/77\/2025\/11\/MyVv3yla-222x300.jpeg\" alt=\"\" width=\"222\" height=\"300\" srcset=\"https:\/\/zsp25.edu.wroclaw.pl\/wp-content\/uploads\/sites\/77\/2025\/11\/MyVv3yla-222x300.jpeg 222w, https:\/\/zsp25.edu.wroclaw.pl\/wp-content\/uploads\/sites\/77\/2025\/11\/MyVv3yla-757x1024.jpeg 757w, https:\/\/zsp25.edu.wroclaw.pl\/wp-content\/uploads\/sites\/77\/2025\/11\/MyVv3yla-768x1038.jpeg 768w, https:\/\/zsp25.edu.wroclaw.pl\/wp-content\/uploads\/sites\/77\/2025\/11\/MyVv3yla.jpeg 1065w\" sizes=\"auto, (max-width: 222px) 100vw, 222px\" \/><\/div>\n","protected":false},"excerpt":{"rendered":"<p>Na pocz\u0105tku roku szkolnego 2025\/2026 biblioteka szkolna bra\u0142a udzia\u0142 w og\u00f3lnopolskiej akcji czytelniczej \u201eCzytamy z sercem\u201d, kt\u00f3ra by\u0142a bezp\u0142atn\u0105 inicjatyw\u0105 czytelnicz\u0105 i edukacyjn\u0105 organizowan\u0105 w ramach obchod\u00f3w dw\u00f3ch \u015bwi\u0105t odbywaj\u0105cych [&hellip;]<\/p>\n","protected":false},"author":222,"featured_media":6892,"comment_status":"closed","ping_status":"closed","sticky":false,"template":"","format":"standard","meta":{"footnotes":""},"categories":[15],"tags":[],"class_list":["post-6891","post","type-post","status-publish","format-standard","has-post-thumbnail","hentry","category-sp11-aktualnosci","clearfix"],"_links":{"self":[{"href":"https:\/\/zsp25.edu.wroclaw.pl\/index.php\/wp-json\/wp\/v2\/posts\/6891","targetHints":{"allow":["GET"]}}],"collection":[{"href":"https:\/\/zsp25.edu.wroclaw.pl\/index.php\/wp-json\/wp\/v2\/posts"}],"about":[{"href":"https:\/\/zsp25.edu.wroclaw.pl\/index.php\/wp-json\/wp\/v2\/types\/post"}],"author":[{"embeddable":true,"href":"https:\/\/zsp25.edu.wroclaw.pl\/index.php\/wp-json\/wp\/v2\/users\/222"}],"replies":[{"embeddable":true,"href":"https:\/\/zsp25.edu.wroclaw.pl\/index.php\/wp-json\/wp\/v2\/comments?post=6891"}],"version-history":[{"count":1,"href":"https:\/\/zsp25.edu.wroclaw.pl\/index.php\/wp-json\/wp\/v2\/posts\/6891\/revisions"}],"predecessor-version":[{"id":6894,"href":"https:\/\/zsp25.edu.wroclaw.pl\/index.php\/wp-json\/wp\/v2\/posts\/6891\/revisions\/6894"}],"wp:featuredmedia":[{"embeddable":true,"href":"https:\/\/zsp25.edu.wroclaw.pl\/index.php\/wp-json\/wp\/v2\/media\/6892"}],"wp:attachment":[{"href":"https:\/\/zsp25.edu.wroclaw.pl\/index.php\/wp-json\/wp\/v2\/media?parent=6891"}],"wp:term":[{"taxonomy":"category","embeddable":true,"href":"https:\/\/zsp25.edu.wroclaw.pl\/index.php\/wp-json\/wp\/v2\/categories?post=6891"},{"taxonomy":"post_tag","embeddable":true,"href":"https:\/\/zsp25.edu.wroclaw.pl\/index.php\/wp-json\/wp\/v2\/tags?post=6891"}],"curies":[{"name":"wp","href":"https:\/\/api.w.org\/{rel}","templated":true}]}}