
{"id":6957,"date":"2025-11-10T07:26:08","date_gmt":"2025-11-10T06:26:08","guid":{"rendered":"https:\/\/zsp25.edu.wroclaw.pl\/?p=6957"},"modified":"2025-11-10T07:26:08","modified_gmt":"2025-11-10T06:26:08","slug":"dzien-pluszowego-misia-fundacja-mam-marzenie","status":"publish","type":"post","link":"https:\/\/zsp25.edu.wroclaw.pl\/index.php\/dzien-pluszowego-misia-fundacja-mam-marzenie\/2025\/11\/10\/dbabczynska\/","title":{"rendered":"DZIE\u0143 PLUSZOWEGO MISIA &#8211; FUNDACJA MAM MARZENIE"},"content":{"rendered":"<p style=\"text-align: center\"><strong>\ud83d\udc9a<\/strong><strong> Zbi\u00f3rka dla Fundacji \u201eMam Marzenie\u201d <\/strong><strong>\ud83d\udc9a<\/strong><\/p>\n<p style=\"text-align: center\"><strong>Od 10 do 23 listopada 2025 r.<\/strong><\/p>\n<p style=\"text-align: center\">Szanowni Pa\u0144stwo!<\/p>\n<p style=\"text-align: center\">Wielkimi krokami zbli\u017ca si\u0119 <strong>25 listopada \u2013 Dzie\u0144 Pluszowego Misia<\/strong>.<br \/>\nTo wyj\u0105tkowe \u015bwi\u0119to, kt\u00f3re co\u00a0roku niesie u\u015bmiech i dobro!<br \/>\nZ tej okazji nasze przedszkole \u00a0do\u0142\u0105cza si\u0119 do akcji <strong>Fundacji \u201eMam Marzenie\u201d<\/strong>, wspieraj\u0105cej dzieci przebywaj\u0105ce w szpitalach.<\/p>\n<p style=\"text-align: center\">Wolontariusze Fundacji przekazuj\u0105 ma\u0142ym pacjentom <strong>nowe pluszaki, gry, puzzle, artyku\u0142y szkolne i zabawki<\/strong>, aby roz\u015bwietli\u0107 ich codzienno\u015b\u0107 i doda\u0107 im odwagi w trudnych chwilach.<\/p>\n<p style=\"text-align: center\">\ud83d\udc49 <strong>Zbi\u00f3rka potrwa od 10 do 23 listopada 2025 r.<\/strong><br \/>\nNa terenie przedszkola ustawiony zostanie <strong>specjalny pojemnik<\/strong>, do kt\u00f3rego mo\u017cna wk\u0142ada\u0107 dary.<br \/>\n<strong>24 listopada<\/strong>\u00a0przedstawiciel Fundacji odbierze wszystkie zebrane prezenty, by trafi\u0142y do potrzebuj\u0105cych dzieci.<\/p>\n<p style=\"text-align: center\">\ud83c\udf81 <strong>Zbieramy wy\u0142\u0105cznie NOWE przedmioty:<\/strong><\/p>\n<ul style=\"text-align: center\" data-start=\"1048\" data-end=\"1187\">\n<li>pluszowe misie i maskotki,<\/li>\n<li>gry planszowe i puzzle,<\/li>\n<li>ksi\u0105\u017ceczki i artyku\u0142y szkolne,<\/li>\n<li>zabawki dla dzieci od 0 do 18 roku \u017cycia.<\/li>\n<\/ul>\n<p style=\"text-align: center\">\ud83d\udc96 <strong>Wsp\u00f3lnie wywo\u0142ujemy rado\u015b\u0107 na dzieci\u0119cych oddzia\u0142ach szpitalnych!<\/strong><br \/>\nZach\u0119camy wszystkie dzieci, rodzic\u00f3w i pracownik\u00f3w przedszkola do w\u0142\u0105czenia si\u0119 w t\u0119 pi\u0119kn\u0105 akcj\u0119.<br \/>\nKa\u017cdy podarowany u\u015bmiech ma ogromn\u0105 moc!<\/p>\n<p>Dzi\u0119kujemy za Pa\u0144stwa otwarte serca i wsparcie! \ud83c\udf1f<\/p>\n","protected":false},"excerpt":{"rendered":"<p>\ud83d\udc9a Zbi\u00f3rka dla Fundacji \u201eMam Marzenie\u201d \ud83d\udc9a Od 10 do 23 listopada 2025 r. Szanowni Pa\u0144stwo! Wielkimi krokami zbli\u017ca si\u0119 25 listopada \u2013 Dzie\u0144 Pluszowego Misia. To wyj\u0105tkowe \u015bwi\u0119to, kt\u00f3re [&hellip;]<\/p>\n","protected":false},"author":222,"featured_media":6958,"comment_status":"closed","ping_status":"closed","sticky":false,"template":"","format":"standard","meta":{"footnotes":""},"categories":[6,7,8,9,10,11,12,14],"tags":[],"class_list":["post-6957","post","type-post","status-publish","format-standard","has-post-thumbnail","hentry","category-grupa-i-aktualnosci","category-grupa-ii-aktualnosci","category-grupa-iii-aktualnosci","category-grupa-iv-aktualnosci","category-grupa-v-aktualnosci","category-grupa-vi-aktualnosci","category-grupa-vii-aktualnosci","category-p111-aktualnosci","clearfix"],"_links":{"self":[{"href":"https:\/\/zsp25.edu.wroclaw.pl\/index.php\/wp-json\/wp\/v2\/posts\/6957","targetHints":{"allow":["GET"]}}],"collection":[{"href":"https:\/\/zsp25.edu.wroclaw.pl\/index.php\/wp-json\/wp\/v2\/posts"}],"about":[{"href":"https:\/\/zsp25.edu.wroclaw.pl\/index.php\/wp-json\/wp\/v2\/types\/post"}],"author":[{"embeddable":true,"href":"https:\/\/zsp25.edu.wroclaw.pl\/index.php\/wp-json\/wp\/v2\/users\/222"}],"replies":[{"embeddable":true,"href":"https:\/\/zsp25.edu.wroclaw.pl\/index.php\/wp-json\/wp\/v2\/comments?post=6957"}],"version-history":[{"count":1,"href":"https:\/\/zsp25.edu.wroclaw.pl\/index.php\/wp-json\/wp\/v2\/posts\/6957\/revisions"}],"predecessor-version":[{"id":6959,"href":"https:\/\/zsp25.edu.wroclaw.pl\/index.php\/wp-json\/wp\/v2\/posts\/6957\/revisions\/6959"}],"wp:featuredmedia":[{"embeddable":true,"href":"https:\/\/zsp25.edu.wroclaw.pl\/index.php\/wp-json\/wp\/v2\/media\/6958"}],"wp:attachment":[{"href":"https:\/\/zsp25.edu.wroclaw.pl\/index.php\/wp-json\/wp\/v2\/media?parent=6957"}],"wp:term":[{"taxonomy":"category","embeddable":true,"href":"https:\/\/zsp25.edu.wroclaw.pl\/index.php\/wp-json\/wp\/v2\/categories?post=6957"},{"taxonomy":"post_tag","embeddable":true,"href":"https:\/\/zsp25.edu.wroclaw.pl\/index.php\/wp-json\/wp\/v2\/tags?post=6957"}],"curies":[{"name":"wp","href":"https:\/\/api.w.org\/{rel}","templated":true}]}}