
{"id":736,"date":"2023-10-29T20:07:52","date_gmt":"2023-10-29T19:07:52","guid":{"rendered":"https:\/\/zsp25.edu.wroclaw.pl\/?p=736"},"modified":"2023-10-29T20:07:52","modified_gmt":"2023-10-29T19:07:52","slug":"konkurs-fotograficzny","status":"publish","type":"post","link":"https:\/\/zsp25.edu.wroclaw.pl\/index.php\/konkurs-fotograficzny\/2023\/10\/29\/dbabczynska\/","title":{"rendered":"Konkurs fotograficzny"},"content":{"rendered":"<p>Serdecznie zapraszamy uczni\u00f3w klas 1-3 SP nr 11 we Wroc\u0142awiu do udzia\u0142u w konkursie fotograficznym!<br \/>\nCele konkursu:<br \/>\n-Rozwijanie wyobra\u017ani, estetyki pod wp\u0142ywem zmieniaj\u0105cej si\u0119 przyrody.<br \/>\n-Zach\u0119canie do wyra\u017cania swoich zainteresowa\u0144 i prze\u017cy\u0107 zwi\u0105zanych z obcowaniem z natur\u0105.<br \/>\n-Popularyzacja tw\u00f3rczo\u015bci fotograficznej dzieci.<\/p>\n<p>Zasady og\u00f3lne:<br \/>\n1. Konkurs adresowany jest do uczni\u00f3w klas 1-3 Szko\u0142y Podstawowej nr 11.<br \/>\n2. Zadaniem uczestnik\u00f3w jest indywidualne i samodzielne wykonanie fotografii przedstawiaj\u0105cej przyrod\u0119 w aktualnej porze roku \u2013 jesieni.<br \/>\n3. Kryteria oceny zdj\u0119cia:<br \/>\n-nawi\u0105zanie do tematyki konkursu &#8211; zdj\u0119cie przyrody (fotografie ludzi nie s\u0105 zgodne z regulaminem),<br \/>\n-oryginalno\u015b\u0107, pomys\u0142owo\u015b\u0107 i kompozycja.<br \/>\n4. Fotografie w formacie 13&#215;18 cm nale\u017cy wrzuca\u0107 do oznaczonej, niebieskiej skrzynki \u201cKONKURS FOTOGRAFICZNY JESIE\u0143 W OBIEKTYWIE\u201d naprzeciw g\u0142\u00f3wnego wej\u015bcia do szko\u0142y.<br \/>\n5. Z ty\u0142u fotografii nale\u017cy umie\u015bci\u0107 informacje : imi\u0119, nazwisko, klas\u0119 autora zdj\u0119cia.<br \/>\n6. Jeden uczestnik mo\u017ce zg\u0142osi\u0107 jedn\u0105 fotografi\u0119.<br \/>\n7. Konkurs trwa w terminie 26.10-17.11.2023r.<br \/>\n8. Wy\u0142onienie laureat\u00f3w nast\u0105pi do 27.11.2023r.<br \/>\nW konkursie przewidziane s\u0105 nagrody dla 1, 2, 3 miejsca oraz upominki i dyplomy dla wszystkich uczestnik\u00f3w.<br \/>\n9. Wyboru najlepszych prac dokona jury powo\u0142ane przez organizator\u00f3w konkursu.<br \/>\n10. Organizatorzy zastrzegaj\u0105 sobie prawo opublikowania prac na stronie internetowej szko\u0142y oraz u\u017cycia ich na wystawie pokonkursowej w holu szko\u0142y.<br \/>\n11. Fotografie zostan\u0105 zwr\u00f3cone ich autorom po wystawie pokonkursowej.<br \/>\n12. Zg\u0142oszenie si\u0119 do konkursu oznacza akceptacj\u0119 jego regulaminu.<\/p>\n<p>Organizatorzy konkursu:<br \/>\nGabriela Chmielowiec<br \/>\nJadwiga Godlejewska-Pi\u0105tek<br \/>\nGabriela Rutkowska<br \/>\nAneta \u017bo\u0142dak<\/p>\n","protected":false},"excerpt":{"rendered":"<p>Serdecznie zapraszamy uczni\u00f3w klas 1-3 SP nr 11 we Wroc\u0142awiu do udzia\u0142u w konkursie fotograficznym! Cele konkursu: -Rozwijanie wyobra\u017ani, estetyki pod wp\u0142ywem zmieniaj\u0105cej si\u0119 przyrody. -Zach\u0119canie do wyra\u017cania swoich zainteresowa\u0144 [&hellip;]<\/p>\n","protected":false},"author":222,"featured_media":737,"comment_status":"closed","ping_status":"closed","sticky":false,"template":"","format":"standard","meta":{"footnotes":""},"categories":[1],"tags":[],"class_list":["post-736","post","type-post","status-publish","format-standard","has-post-thumbnail","hentry","category-aktualnosci","clearfix"],"_links":{"self":[{"href":"https:\/\/zsp25.edu.wroclaw.pl\/index.php\/wp-json\/wp\/v2\/posts\/736","targetHints":{"allow":["GET"]}}],"collection":[{"href":"https:\/\/zsp25.edu.wroclaw.pl\/index.php\/wp-json\/wp\/v2\/posts"}],"about":[{"href":"https:\/\/zsp25.edu.wroclaw.pl\/index.php\/wp-json\/wp\/v2\/types\/post"}],"author":[{"embeddable":true,"href":"https:\/\/zsp25.edu.wroclaw.pl\/index.php\/wp-json\/wp\/v2\/users\/222"}],"replies":[{"embeddable":true,"href":"https:\/\/zsp25.edu.wroclaw.pl\/index.php\/wp-json\/wp\/v2\/comments?post=736"}],"version-history":[{"count":1,"href":"https:\/\/zsp25.edu.wroclaw.pl\/index.php\/wp-json\/wp\/v2\/posts\/736\/revisions"}],"predecessor-version":[{"id":738,"href":"https:\/\/zsp25.edu.wroclaw.pl\/index.php\/wp-json\/wp\/v2\/posts\/736\/revisions\/738"}],"wp:featuredmedia":[{"embeddable":true,"href":"https:\/\/zsp25.edu.wroclaw.pl\/index.php\/wp-json\/wp\/v2\/media\/737"}],"wp:attachment":[{"href":"https:\/\/zsp25.edu.wroclaw.pl\/index.php\/wp-json\/wp\/v2\/media?parent=736"}],"wp:term":[{"taxonomy":"category","embeddable":true,"href":"https:\/\/zsp25.edu.wroclaw.pl\/index.php\/wp-json\/wp\/v2\/categories?post=736"},{"taxonomy":"post_tag","embeddable":true,"href":"https:\/\/zsp25.edu.wroclaw.pl\/index.php\/wp-json\/wp\/v2\/tags?post=736"}],"curies":[{"name":"wp","href":"https:\/\/api.w.org\/{rel}","templated":true}]}}