
{"id":7552,"date":"2026-01-08T18:07:43","date_gmt":"2026-01-08T17:07:43","guid":{"rendered":"https:\/\/zsp25.edu.wroclaw.pl\/?p=7552"},"modified":"2026-01-08T18:08:34","modified_gmt":"2026-01-08T17:08:34","slug":"wosp-w-sp11","status":"publish","type":"post","link":"https:\/\/zsp25.edu.wroclaw.pl\/index.php\/wosp-w-sp11\/2026\/01\/08\/dbabczynska\/","title":{"rendered":"*#WO\u015aP w SP11*"},"content":{"rendered":"<p>Nasza spo\u0142eczno\u015b\u0107 szkolna w tym roku w\u0142\u0105cza si\u0119 aktywnie w organizacj\u0119 wydarzenia wspieraj\u0105cego <span style=\"color: #ff0000\"><strong>Wielk\u0105 <span style=\"color: #008000\">Orkiestr\u0119<\/span> \u015awi\u0105tecznej <span style=\"color: #0000ff\">Pomocy<\/span><\/strong><\/span>* . We wsp\u00f3\u0142pracy ze sztabem nr 6089 \u2013 Fundacja S\u00f3weczka Wspieranie i Rozw\u00f3j Edukacji we Wroc\u0142awiu w SP11 *w dniu 24 stycznia (sobota)* odb\u0119dzie event, podczas kt\u00f3rego b\u0119dziemy zbiera\u0107 \u015brodki dla WO\u015aP.<br \/>\n*Tego dnia b\u0119dzie mo\u017cna do\u015bwiadczy\u0107 wielu \u015bwietnych atrakcji, m.in* .:<br \/>\n\u2022 wzi\u0105\u0107 udzia\u0142 w *turniejach* sportowych,<br \/>\n\u2022 zobaczy\u0107 specjalne *wyst\u0119py artystyczne* m.in. naszych dzieci, kt\u00f3re rozwijaj\u0105 swoje talenty w zaj\u0119ciach pozaszkolnych odbywaj\u0105cych si\u0119 w naszej szkole i nie tylko,<br \/>\n\u2022 wykona\u0107 pi\u0119kne prace podczas *zaj\u0119\u0107 kreatywnych.*<br \/>\nOdb\u0119dzie si\u0119 tak\u017ce *pierwszy Zimowy Turniej Tenisa Sto\u0142owego dla dzieci i doros\u0142ych.* Zapraszamy serdecznie do udzia\u0142u.\u00a0 Aby mo\u017cna by\u0142o co\u015b pysznego przek\u0105si\u0107 *uruchamiamy szkoln\u0105 kawiarenk\u0119, przy kt\u00f3rej zbiera\u0107 b\u0119dziemy pieni\u0105\u017cki do puszki WO\u015aP.* Zach\u0119camy serdecznie do w\u0142\u0105czenia si\u0119 w zasilenie kawiarenki domowymi smako\u0142ykami. Poni\u017cej link do zapisu dla ch\u0119tnych klas. Ciasta, babeczki i inne smako\u0142yki b\u0119dzie mo\u017cna przynosi\u0107 w dniu wydarzenia (24.01 \u2013 sobota). *B\u0119dzie tak\u017ce druga puszka, do kt\u00f3rej b\u0119dzie mo\u017cna wrzuci\u0107 swoj\u0105 cegie\u0142k\u0119* \u2013 wolontariusze b\u0119d\u0105 chodzi\u0107 po\u015br\u00f3d uczestnik\u00f3w po ca\u0142ej szkole. Na zako\u0144czenie wydarzenia odb\u0119dzie si\u0119 specjalny pokaz grupy Fiamma Magica, niesamowity taniec z ogniem.*<br \/>\nWi\u0119cej informacji b\u0119dziemy s\u0142a\u0107 na bie\u017c\u0105co.<br \/>\nWszystkie osoby ch\u0119tne do wsparcia przy organizacji wydarzenia zapraszamy do kontaktu z Rad\u0105 Rodzic\u00f3w.<br \/>\n*B\u0105d\u017acie razem z nami tego dnia,* zabierzcie ze sob\u0105 ca\u0142e rodziny, przyjaci\u00f3\u0142, znajomych, s\u0105siad\u00f3w \ud83d\ude0a. Niech po raz kolejny dzieje si\u0119 w SP 11 co\u015b fantastycznego, niech dzieje si\u0119 dobro!! \ud83d\ude0a<\/p>\n<p>Pozdrawiamy<br \/>\nRada Rodzic\u00f3w, Dyrekcja, Wojszycka S\u00f3weczka<\/p>\n<p><img loading=\"lazy\" decoding=\"async\" class=\"alignnone wp-image-7553\" src=\"https:\/\/zsp25.edu.wroclaw.pl\/wp-content\/uploads\/sites\/77\/2026\/01\/IMG-20260107-WA0000-1-212x300.jpg\" alt=\"\" width=\"280\" height=\"397\" srcset=\"https:\/\/zsp25.edu.wroclaw.pl\/wp-content\/uploads\/sites\/77\/2026\/01\/IMG-20260107-WA0000-1-212x300.jpg 212w, https:\/\/zsp25.edu.wroclaw.pl\/wp-content\/uploads\/sites\/77\/2026\/01\/IMG-20260107-WA0000-1-724x1024.jpg 724w, https:\/\/zsp25.edu.wroclaw.pl\/wp-content\/uploads\/sites\/77\/2026\/01\/IMG-20260107-WA0000-1-768x1086.jpg 768w, https:\/\/zsp25.edu.wroclaw.pl\/wp-content\/uploads\/sites\/77\/2026\/01\/IMG-20260107-WA0000-1-1086x1536.jpg 1086w, https:\/\/zsp25.edu.wroclaw.pl\/wp-content\/uploads\/sites\/77\/2026\/01\/IMG-20260107-WA0000-1.jpg 1448w\" sizes=\"auto, (max-width: 280px) 100vw, 280px\" \/><\/p>\n","protected":false},"excerpt":{"rendered":"<p>Nasza spo\u0142eczno\u015b\u0107 szkolna w tym roku w\u0142\u0105cza si\u0119 aktywnie w organizacj\u0119 wydarzenia wspieraj\u0105cego Wielk\u0105 Orkiestr\u0119 \u015awi\u0105tecznej Pomocy* . We wsp\u00f3\u0142pracy ze sztabem nr 6089 \u2013 Fundacja S\u00f3weczka Wspieranie i Rozw\u00f3j [&hellip;]<\/p>\n","protected":false},"author":222,"featured_media":7556,"comment_status":"closed","ping_status":"closed","sticky":false,"template":"","format":"standard","meta":{"footnotes":""},"categories":[15],"tags":[],"class_list":["post-7552","post","type-post","status-publish","format-standard","has-post-thumbnail","hentry","category-sp11-aktualnosci","clearfix"],"_links":{"self":[{"href":"https:\/\/zsp25.edu.wroclaw.pl\/index.php\/wp-json\/wp\/v2\/posts\/7552","targetHints":{"allow":["GET"]}}],"collection":[{"href":"https:\/\/zsp25.edu.wroclaw.pl\/index.php\/wp-json\/wp\/v2\/posts"}],"about":[{"href":"https:\/\/zsp25.edu.wroclaw.pl\/index.php\/wp-json\/wp\/v2\/types\/post"}],"author":[{"embeddable":true,"href":"https:\/\/zsp25.edu.wroclaw.pl\/index.php\/wp-json\/wp\/v2\/users\/222"}],"replies":[{"embeddable":true,"href":"https:\/\/zsp25.edu.wroclaw.pl\/index.php\/wp-json\/wp\/v2\/comments?post=7552"}],"version-history":[{"count":2,"href":"https:\/\/zsp25.edu.wroclaw.pl\/index.php\/wp-json\/wp\/v2\/posts\/7552\/revisions"}],"predecessor-version":[{"id":7555,"href":"https:\/\/zsp25.edu.wroclaw.pl\/index.php\/wp-json\/wp\/v2\/posts\/7552\/revisions\/7555"}],"wp:featuredmedia":[{"embeddable":true,"href":"https:\/\/zsp25.edu.wroclaw.pl\/index.php\/wp-json\/wp\/v2\/media\/7556"}],"wp:attachment":[{"href":"https:\/\/zsp25.edu.wroclaw.pl\/index.php\/wp-json\/wp\/v2\/media?parent=7552"}],"wp:term":[{"taxonomy":"category","embeddable":true,"href":"https:\/\/zsp25.edu.wroclaw.pl\/index.php\/wp-json\/wp\/v2\/categories?post=7552"},{"taxonomy":"post_tag","embeddable":true,"href":"https:\/\/zsp25.edu.wroclaw.pl\/index.php\/wp-json\/wp\/v2\/tags?post=7552"}],"curies":[{"name":"wp","href":"https:\/\/api.w.org\/{rel}","templated":true}]}}