
{"id":7603,"date":"2026-01-18T16:37:07","date_gmt":"2026-01-18T15:37:07","guid":{"rendered":"https:\/\/zsp25.edu.wroclaw.pl\/?p=7603"},"modified":"2026-01-18T16:37:07","modified_gmt":"2026-01-18T15:37:07","slug":"podsumowanie-projektu-swiateczny-grudzien","status":"publish","type":"post","link":"https:\/\/zsp25.edu.wroclaw.pl\/index.php\/podsumowanie-projektu-swiateczny-grudzien\/2026\/01\/18\/dbabczynska\/","title":{"rendered":"Podsumowanie projektu &#8211; \u015awi\u0105teczny grudzie\u0144"},"content":{"rendered":"<p class=\"cvGsUA direction-ltr align-justify para-style-body\"><span class=\"a_GcMg font-feature-liga-off font-feature-clig-off font-feature-calt-off text-decoration-none text-strikethrough-none\">W ramach szkolnego projektu \u201e\u015awi\u0105teczny grudzie\u0144\u201d uczniowie wraz z wychowawcami wzi\u0119li udzia\u0142 w wyj\u0105tkowym wydarzeniu, kt\u00f3rego celem by\u0142o poznanie r\u00f3\u017cnorodnych tradycji bo\u017conarodzeniowych z ca\u0142ego \u015bwiata oraz stworzenie wsp\u00f3lnej, \u015bwi\u0105tecznej przestrzeni w naszej szkole.<\/span><\/p>\n<p>&nbsp;<\/p>\n<p class=\"cvGsUA direction-ltr align-justify para-style-body\"><span class=\"a_GcMg font-feature-liga-off font-feature-clig-off font-feature-calt-off text-decoration-none text-strikethrough-none\">Ka\u017cda z klas, kt\u00f3re przyst\u0105pi\u0142y do projektu, przygotowa\u0142a plakaty prezentuj\u0105ce zwyczaje bo\u017conarodzeniowe w wylosowanych krajach. Prace uwzgl\u0119dnia\u0142y ciekawe, cz\u0119sto odmienne od polskich tradycje, obrz\u0119dy, symbole oraz \u015bwi\u0105teczne zwyczaje charakterystyczne dla danych region\u00f3w \u015bwiata. Spo\u0142eczno\u015b\u0107 szkolna dowiedzia\u0142a si\u0119 o ciekawych tradycjach w Japonii, Chinach, Nowej Zelandii, Etiopii czy USA. <\/span><span class=\"a_GcMg font-feature-liga-off font-feature-clig-off font-feature-calt-off text-decoration-none text-strikethrough-none\">Uczniowie zgromadzili r\u00f3wnie\u017c informacje oraz przepisy na tradycyjne potrawy \u015bwi\u0105teczne z wybranego kraju. Przy przepisach znalaz\u0142y si\u0119 informacje o szacunkowym koszcie przygotowania potrawy dla jednej osoby lub rodziny, a w niekt\u00f3rych przypadkach tak\u017ce wyliczona kaloryczno\u015b\u0107 posi\u0142k\u00f3w.<\/span><\/p>\n<p class=\"cvGsUA direction-ltr align-justify para-style-body\"><!--more--><\/p>\n<p class=\"cvGsUA direction-ltr align-justify para-style-body\"><span class=\"a_GcMg font-feature-liga-off font-feature-clig-off font-feature-calt-off text-decoration-none text-strikethrough-none\">Przestrze\u0144 wystawowa zosta\u0142a wzbogacona o regionalne i tradycyjne ozdoby \u015bwi\u0105teczne oraz dekoracje inspirowane kultur\u0105 prezentowanych kraj\u00f3w. Dodatkowym elementem projektu by\u0142y \u015bwi\u0105teczne klasowe komiksy, przygotowane przez zespo\u0142y uczni\u00f3w. Ka\u017cda praca sk\u0142ada\u0142a si\u0119 z co najmniej czterech stron formatu A4, podzielonych na maksymalnie cztery okienka, a fabu\u0142a zawiera\u0142a wyra\u017any \u015bwi\u0105teczny akcent. <\/span><span class=\"a_GcMg font-feature-liga-off font-feature-clig-off font-feature-calt-off text-decoration-none text-strikethrough-none\">Wszystkie przygotowane elementy zosta\u0142y rozmieszczone w przestrzeni wok\u00f3\u0142 sal lekcyjnych oraz w miejscach wyznaczonych przez organizator\u00f3w. Wystawa by\u0142a stopniowo rozwijana przez ca\u0142y grudzie\u0144, a jej ostateczna forma zosta\u0142a zaprezentowana do 17 grudnia.<\/span><\/p>\n<p>&nbsp;<\/p>\n<p class=\"cvGsUA direction-ltr align-justify para-style-body\"><span class=\"a_GcMg font-feature-liga-off font-feature-clig-off font-feature-calt-off text-decoration-none text-strikethrough-none\">Zwyci\u0119zc\u0105 tegorocznego projektu og\u0142oszono klas\u0119 7B!<\/span><\/p>\n<p>&nbsp;<\/p>\n<p class=\"cvGsUA direction-ltr align-justify para-style-body\"><span class=\"a_GcMg font-feature-liga-off font-feature-clig-off font-feature-calt-off text-decoration-none text-strikethrough-none\">W ca\u0142ym przedsi\u0119wzi\u0119ciu szczeg\u00f3lnie liczy\u0142o si\u0119 zaanga\u017cowanie uczni\u00f3w oraz ich praca w\u0142asna, kreatywno\u015b\u0107 i samodzielno\u015b\u0107, kt\u00f3re mia\u0142y kluczowe znaczenie przy realizacji poszczeg\u00f3lnych element\u00f3w projektu. Serdecznie dzi\u0119kujemy za wsp\u00f3ln\u0105 zabaw\u0119!<\/span><\/p>\n<p>&nbsp;<\/p>\n<p>Katarzyna Szczurek, Alicja Majcherek, Emilia Lewandowska, Joanna Firszt<\/p>\n<p><img loading=\"lazy\" decoding=\"async\" class=\"alignnone size-medium wp-image-7604\" src=\"https:\/\/zsp25.edu.wroclaw.pl\/wp-content\/uploads\/sites\/77\/2026\/01\/IMG_20260102_094311562_HDR-300x225.jpg\" alt=\"\" width=\"300\" height=\"225\" srcset=\"https:\/\/zsp25.edu.wroclaw.pl\/wp-content\/uploads\/sites\/77\/2026\/01\/IMG_20260102_094311562_HDR-300x225.jpg 300w, https:\/\/zsp25.edu.wroclaw.pl\/wp-content\/uploads\/sites\/77\/2026\/01\/IMG_20260102_094311562_HDR-768x576.jpg 768w, https:\/\/zsp25.edu.wroclaw.pl\/wp-content\/uploads\/sites\/77\/2026\/01\/IMG_20260102_094311562_HDR.jpg 800w\" sizes=\"auto, (max-width: 300px) 100vw, 300px\" \/> <img loading=\"lazy\" decoding=\"async\" class=\"alignnone size-medium wp-image-7605\" src=\"https:\/\/zsp25.edu.wroclaw.pl\/wp-content\/uploads\/sites\/77\/2026\/01\/IMG_20260102_094252618_HDR-300x225.jpg\" alt=\"\" width=\"300\" height=\"225\" srcset=\"https:\/\/zsp25.edu.wroclaw.pl\/wp-content\/uploads\/sites\/77\/2026\/01\/IMG_20260102_094252618_HDR-300x225.jpg 300w, https:\/\/zsp25.edu.wroclaw.pl\/wp-content\/uploads\/sites\/77\/2026\/01\/IMG_20260102_094252618_HDR-768x576.jpg 768w, https:\/\/zsp25.edu.wroclaw.pl\/wp-content\/uploads\/sites\/77\/2026\/01\/IMG_20260102_094252618_HDR.jpg 800w\" sizes=\"auto, (max-width: 300px) 100vw, 300px\" \/> <img loading=\"lazy\" decoding=\"async\" class=\"alignnone size-medium wp-image-7606\" src=\"https:\/\/zsp25.edu.wroclaw.pl\/wp-content\/uploads\/sites\/77\/2026\/01\/IMG_20260102_122314398_HDR-300x225.jpg\" alt=\"\" width=\"300\" height=\"225\" srcset=\"https:\/\/zsp25.edu.wroclaw.pl\/wp-content\/uploads\/sites\/77\/2026\/01\/IMG_20260102_122314398_HDR-300x225.jpg 300w, https:\/\/zsp25.edu.wroclaw.pl\/wp-content\/uploads\/sites\/77\/2026\/01\/IMG_20260102_122314398_HDR-768x576.jpg 768w, https:\/\/zsp25.edu.wroclaw.pl\/wp-content\/uploads\/sites\/77\/2026\/01\/IMG_20260102_122314398_HDR.jpg 800w\" sizes=\"auto, (max-width: 300px) 100vw, 300px\" \/> <img loading=\"lazy\" decoding=\"async\" class=\"alignnone size-medium wp-image-7607\" src=\"https:\/\/zsp25.edu.wroclaw.pl\/wp-content\/uploads\/sites\/77\/2026\/01\/IMG_20260102_094217534_HDR-300x225.jpg\" alt=\"\" width=\"300\" height=\"225\" srcset=\"https:\/\/zsp25.edu.wroclaw.pl\/wp-content\/uploads\/sites\/77\/2026\/01\/IMG_20260102_094217534_HDR-300x225.jpg 300w, https:\/\/zsp25.edu.wroclaw.pl\/wp-content\/uploads\/sites\/77\/2026\/01\/IMG_20260102_094217534_HDR-768x576.jpg 768w, https:\/\/zsp25.edu.wroclaw.pl\/wp-content\/uploads\/sites\/77\/2026\/01\/IMG_20260102_094217534_HDR.jpg 800w\" sizes=\"auto, (max-width: 300px) 100vw, 300px\" \/><\/p>\n","protected":false},"excerpt":{"rendered":"<p>W ramach szkolnego projektu \u201e\u015awi\u0105teczny grudzie\u0144\u201d uczniowie wraz z wychowawcami wzi\u0119li udzia\u0142 w wyj\u0105tkowym wydarzeniu, kt\u00f3rego celem by\u0142o poznanie r\u00f3\u017cnorodnych tradycji bo\u017conarodzeniowych z ca\u0142ego \u015bwiata oraz stworzenie wsp\u00f3lnej, \u015bwi\u0105tecznej przestrzeni [&hellip;]<\/p>\n","protected":false},"author":222,"featured_media":7604,"comment_status":"closed","ping_status":"closed","sticky":false,"template":"","format":"standard","meta":{"footnotes":""},"categories":[15],"tags":[],"class_list":["post-7603","post","type-post","status-publish","format-standard","has-post-thumbnail","hentry","category-sp11-aktualnosci","clearfix"],"_links":{"self":[{"href":"https:\/\/zsp25.edu.wroclaw.pl\/index.php\/wp-json\/wp\/v2\/posts\/7603","targetHints":{"allow":["GET"]}}],"collection":[{"href":"https:\/\/zsp25.edu.wroclaw.pl\/index.php\/wp-json\/wp\/v2\/posts"}],"about":[{"href":"https:\/\/zsp25.edu.wroclaw.pl\/index.php\/wp-json\/wp\/v2\/types\/post"}],"author":[{"embeddable":true,"href":"https:\/\/zsp25.edu.wroclaw.pl\/index.php\/wp-json\/wp\/v2\/users\/222"}],"replies":[{"embeddable":true,"href":"https:\/\/zsp25.edu.wroclaw.pl\/index.php\/wp-json\/wp\/v2\/comments?post=7603"}],"version-history":[{"count":4,"href":"https:\/\/zsp25.edu.wroclaw.pl\/index.php\/wp-json\/wp\/v2\/posts\/7603\/revisions"}],"predecessor-version":[{"id":7611,"href":"https:\/\/zsp25.edu.wroclaw.pl\/index.php\/wp-json\/wp\/v2\/posts\/7603\/revisions\/7611"}],"wp:featuredmedia":[{"embeddable":true,"href":"https:\/\/zsp25.edu.wroclaw.pl\/index.php\/wp-json\/wp\/v2\/media\/7604"}],"wp:attachment":[{"href":"https:\/\/zsp25.edu.wroclaw.pl\/index.php\/wp-json\/wp\/v2\/media?parent=7603"}],"wp:term":[{"taxonomy":"category","embeddable":true,"href":"https:\/\/zsp25.edu.wroclaw.pl\/index.php\/wp-json\/wp\/v2\/categories?post=7603"},{"taxonomy":"post_tag","embeddable":true,"href":"https:\/\/zsp25.edu.wroclaw.pl\/index.php\/wp-json\/wp\/v2\/tags?post=7603"}],"curies":[{"name":"wp","href":"https:\/\/api.w.org\/{rel}","templated":true}]}}