
{"id":7632,"date":"2026-01-22T10:55:56","date_gmt":"2026-01-22T09:55:56","guid":{"rendered":"https:\/\/zsp25.edu.wroclaw.pl\/?p=7632"},"modified":"2026-01-22T10:55:56","modified_gmt":"2026-01-22T09:55:56","slug":"swietlicowy-kalendarz-adwentowy","status":"publish","type":"post","link":"https:\/\/zsp25.edu.wroclaw.pl\/index.php\/swietlicowy-kalendarz-adwentowy\/2026\/01\/22\/dbabczynska\/","title":{"rendered":"\u015awietlicowy Kalendarz adwentowy"},"content":{"rendered":"<p>W grudniu na \u015bwietlicy szkolnej w bloku E wystartowa\u0142 kalendarz adwentowy. A z nim pomys\u0142owe, wykonane domki z kartonu, w kt\u00f3rych ka\u017cdego dnia nasz Elf wk\u0142ada\u0142 tam karteczki z zadaniami<br \/>\nbo\u017conarodzeniowymi. I tak mi\u0119dzy innymi powsta\u0142y prace zwi\u0105zane z portretem \u015bw. Miko\u0142aja. Na ka\u017cdy dzie\u0144 w ramach odliczania do \u015awi\u0105t &#8211; by\u0142o co\u015b innego do przygotowania dla naszych uczni\u00f3w. I tak wsp\u00f3lnie, ucz\u0105c si\u0119 pracy zespo\u0142owej, a tak\u017ce piel\u0119gnuj\u0105c tradycje \u015bwi\u0105teczne, wkroczyli\u015bmy w okres \u015awi\u0105t Bo\u017cego Narodzenia. Dzieci wraz z wychowawcami klas \u015bwietlicowych wsp\u00f3lnie \u015bpiewa\u0142y kol\u0119dy i wszystkim udziela\u0142 si\u0119 nastr\u00f3j \u015bwi\u0105teczny.<\/p>\n<p><img loading=\"lazy\" decoding=\"async\" class=\"alignnone size-medium wp-image-7633\" src=\"https:\/\/zsp25.edu.wroclaw.pl\/wp-content\/uploads\/sites\/77\/2026\/01\/IMG-20251130-WA0009-225x300.jpg\" alt=\"\" width=\"225\" height=\"300\" srcset=\"https:\/\/zsp25.edu.wroclaw.pl\/wp-content\/uploads\/sites\/77\/2026\/01\/IMG-20251130-WA0009-225x300.jpg 225w, https:\/\/zsp25.edu.wroclaw.pl\/wp-content\/uploads\/sites\/77\/2026\/01\/IMG-20251130-WA0009.jpg 600w\" sizes=\"auto, (max-width: 225px) 100vw, 225px\" \/> <img loading=\"lazy\" decoding=\"async\" class=\"alignnone size-medium wp-image-7634\" src=\"https:\/\/zsp25.edu.wroclaw.pl\/wp-content\/uploads\/sites\/77\/2026\/01\/IMG-20251216-WA0002-298x300.jpg\" alt=\"\" width=\"298\" height=\"300\" srcset=\"https:\/\/zsp25.edu.wroclaw.pl\/wp-content\/uploads\/sites\/77\/2026\/01\/IMG-20251216-WA0002-298x300.jpg 298w, https:\/\/zsp25.edu.wroclaw.pl\/wp-content\/uploads\/sites\/77\/2026\/01\/IMG-20251216-WA0002-150x150.jpg 150w, https:\/\/zsp25.edu.wroclaw.pl\/wp-content\/uploads\/sites\/77\/2026\/01\/IMG-20251216-WA0002-768x774.jpg 768w, https:\/\/zsp25.edu.wroclaw.pl\/wp-content\/uploads\/sites\/77\/2026\/01\/IMG-20251216-WA0002.jpg 794w\" sizes=\"auto, (max-width: 298px) 100vw, 298px\" \/><\/p>\n","protected":false},"excerpt":{"rendered":"<p>W grudniu na \u015bwietlicy szkolnej w bloku E wystartowa\u0142 kalendarz adwentowy. A z nim pomys\u0142owe, wykonane domki z kartonu, w kt\u00f3rych ka\u017cdego dnia nasz Elf wk\u0142ada\u0142 tam karteczki z zadaniami [&hellip;]<\/p>\n","protected":false},"author":222,"featured_media":7633,"comment_status":"closed","ping_status":"closed","sticky":false,"template":"","format":"standard","meta":{"footnotes":""},"categories":[17],"tags":[],"class_list":["post-7632","post","type-post","status-publish","format-standard","has-post-thumbnail","hentry","category-swietlica","clearfix"],"_links":{"self":[{"href":"https:\/\/zsp25.edu.wroclaw.pl\/index.php\/wp-json\/wp\/v2\/posts\/7632","targetHints":{"allow":["GET"]}}],"collection":[{"href":"https:\/\/zsp25.edu.wroclaw.pl\/index.php\/wp-json\/wp\/v2\/posts"}],"about":[{"href":"https:\/\/zsp25.edu.wroclaw.pl\/index.php\/wp-json\/wp\/v2\/types\/post"}],"author":[{"embeddable":true,"href":"https:\/\/zsp25.edu.wroclaw.pl\/index.php\/wp-json\/wp\/v2\/users\/222"}],"replies":[{"embeddable":true,"href":"https:\/\/zsp25.edu.wroclaw.pl\/index.php\/wp-json\/wp\/v2\/comments?post=7632"}],"version-history":[{"count":1,"href":"https:\/\/zsp25.edu.wroclaw.pl\/index.php\/wp-json\/wp\/v2\/posts\/7632\/revisions"}],"predecessor-version":[{"id":7635,"href":"https:\/\/zsp25.edu.wroclaw.pl\/index.php\/wp-json\/wp\/v2\/posts\/7632\/revisions\/7635"}],"wp:featuredmedia":[{"embeddable":true,"href":"https:\/\/zsp25.edu.wroclaw.pl\/index.php\/wp-json\/wp\/v2\/media\/7633"}],"wp:attachment":[{"href":"https:\/\/zsp25.edu.wroclaw.pl\/index.php\/wp-json\/wp\/v2\/media?parent=7632"}],"wp:term":[{"taxonomy":"category","embeddable":true,"href":"https:\/\/zsp25.edu.wroclaw.pl\/index.php\/wp-json\/wp\/v2\/categories?post=7632"},{"taxonomy":"post_tag","embeddable":true,"href":"https:\/\/zsp25.edu.wroclaw.pl\/index.php\/wp-json\/wp\/v2\/tags?post=7632"}],"curies":[{"name":"wp","href":"https:\/\/api.w.org\/{rel}","templated":true}]}}