
{"id":7677,"date":"2026-01-29T12:57:28","date_gmt":"2026-01-29T11:57:28","guid":{"rendered":"https:\/\/zsp25.edu.wroclaw.pl\/?p=7677"},"modified":"2026-01-29T12:57:28","modified_gmt":"2026-01-29T11:57:28","slug":"dzien-babci-i-dziadka-9","status":"publish","type":"post","link":"https:\/\/zsp25.edu.wroclaw.pl\/index.php\/dzien-babci-i-dziadka-9\/2026\/01\/29\/dbabczynska\/","title":{"rendered":"Dzie\u0144 Babci i Dziadka"},"content":{"rendered":"<p>Dzie\u0144 Babci i Dziadka mia\u0142 miejsce 21 oraz 22 stycznia. Nasza \u015bwietlica w trakcie zaj\u0119\u0107 \u015bwietlicowych, jak zawsze mia\u0142a r\u0119ce pe\u0142ne pracy. Na wszystkich \u015bwietlicach powstawa\u0142y pi\u0119kne prace plastyczne, a tak\u017ce laurki dla kochanych dziadk\u00f3w. W klasie 1g uczniowie zrobili nawet prezenty: kartonowe pude\u0142eczka z \u0142\u0105k\u0105 papierowych kwiat\u00f3w.<\/p>\n<p>Na dole artyku\u0142u mo\u017cna zobaczy\u0107 cz\u0119\u015b\u0107 tych cudeniek, przygotowanych przez dzieci. Zdaniem naszej kadry mamy samych zdolnych uczni\u00f3w, czy Wy te\u017c tak uwa\u017cacie?<\/p>\n<p>Zesp\u00f3\u0142 \u015bwietlicy<\/p>\n<p><img loading=\"lazy\" decoding=\"async\" class=\"alignnone size-medium wp-image-7678\" src=\"https:\/\/zsp25.edu.wroclaw.pl\/wp-content\/uploads\/sites\/77\/2026\/01\/20260119_114838-300x225.jpg\" alt=\"\" width=\"300\" height=\"225\" srcset=\"https:\/\/zsp25.edu.wroclaw.pl\/wp-content\/uploads\/sites\/77\/2026\/01\/20260119_114838-300x225.jpg 300w, https:\/\/zsp25.edu.wroclaw.pl\/wp-content\/uploads\/sites\/77\/2026\/01\/20260119_114838-768x576.jpg 768w, https:\/\/zsp25.edu.wroclaw.pl\/wp-content\/uploads\/sites\/77\/2026\/01\/20260119_114838.jpg 800w\" sizes=\"auto, (max-width: 300px) 100vw, 300px\" \/> <img loading=\"lazy\" decoding=\"async\" class=\"alignnone size-medium wp-image-7679\" src=\"https:\/\/zsp25.edu.wroclaw.pl\/wp-content\/uploads\/sites\/77\/2026\/01\/20260119_114854-300x225.jpg\" alt=\"\" width=\"300\" height=\"225\" srcset=\"https:\/\/zsp25.edu.wroclaw.pl\/wp-content\/uploads\/sites\/77\/2026\/01\/20260119_114854-300x225.jpg 300w, https:\/\/zsp25.edu.wroclaw.pl\/wp-content\/uploads\/sites\/77\/2026\/01\/20260119_114854-768x576.jpg 768w, https:\/\/zsp25.edu.wroclaw.pl\/wp-content\/uploads\/sites\/77\/2026\/01\/20260119_114854.jpg 800w\" sizes=\"auto, (max-width: 300px) 100vw, 300px\" \/> <img loading=\"lazy\" decoding=\"async\" class=\"alignnone size-medium wp-image-7680\" src=\"https:\/\/zsp25.edu.wroclaw.pl\/wp-content\/uploads\/sites\/77\/2026\/01\/20260119_114910-300x225.jpg\" alt=\"\" width=\"300\" height=\"225\" srcset=\"https:\/\/zsp25.edu.wroclaw.pl\/wp-content\/uploads\/sites\/77\/2026\/01\/20260119_114910-300x225.jpg 300w, https:\/\/zsp25.edu.wroclaw.pl\/wp-content\/uploads\/sites\/77\/2026\/01\/20260119_114910-768x576.jpg 768w, https:\/\/zsp25.edu.wroclaw.pl\/wp-content\/uploads\/sites\/77\/2026\/01\/20260119_114910.jpg 800w\" sizes=\"auto, (max-width: 300px) 100vw, 300px\" \/> <img loading=\"lazy\" decoding=\"async\" class=\"alignnone size-medium wp-image-7681\" src=\"https:\/\/zsp25.edu.wroclaw.pl\/wp-content\/uploads\/sites\/77\/2026\/01\/20260119_114930-300x225.jpg\" alt=\"\" width=\"300\" height=\"225\" srcset=\"https:\/\/zsp25.edu.wroclaw.pl\/wp-content\/uploads\/sites\/77\/2026\/01\/20260119_114930-300x225.jpg 300w, https:\/\/zsp25.edu.wroclaw.pl\/wp-content\/uploads\/sites\/77\/2026\/01\/20260119_114930-768x576.jpg 768w, https:\/\/zsp25.edu.wroclaw.pl\/wp-content\/uploads\/sites\/77\/2026\/01\/20260119_114930.jpg 800w\" sizes=\"auto, (max-width: 300px) 100vw, 300px\" \/><\/p>\n","protected":false},"excerpt":{"rendered":"<p>Dzie\u0144 Babci i Dziadka mia\u0142 miejsce 21 oraz 22 stycznia. Nasza \u015bwietlica w trakcie zaj\u0119\u0107 \u015bwietlicowych, jak zawsze mia\u0142a r\u0119ce pe\u0142ne pracy. Na wszystkich \u015bwietlicach powstawa\u0142y pi\u0119kne prace plastyczne, a [&hellip;]<\/p>\n","protected":false},"author":222,"featured_media":7678,"comment_status":"closed","ping_status":"closed","sticky":false,"template":"","format":"standard","meta":{"footnotes":""},"categories":[17],"tags":[],"class_list":["post-7677","post","type-post","status-publish","format-standard","has-post-thumbnail","hentry","category-swietlica","clearfix"],"_links":{"self":[{"href":"https:\/\/zsp25.edu.wroclaw.pl\/index.php\/wp-json\/wp\/v2\/posts\/7677","targetHints":{"allow":["GET"]}}],"collection":[{"href":"https:\/\/zsp25.edu.wroclaw.pl\/index.php\/wp-json\/wp\/v2\/posts"}],"about":[{"href":"https:\/\/zsp25.edu.wroclaw.pl\/index.php\/wp-json\/wp\/v2\/types\/post"}],"author":[{"embeddable":true,"href":"https:\/\/zsp25.edu.wroclaw.pl\/index.php\/wp-json\/wp\/v2\/users\/222"}],"replies":[{"embeddable":true,"href":"https:\/\/zsp25.edu.wroclaw.pl\/index.php\/wp-json\/wp\/v2\/comments?post=7677"}],"version-history":[{"count":1,"href":"https:\/\/zsp25.edu.wroclaw.pl\/index.php\/wp-json\/wp\/v2\/posts\/7677\/revisions"}],"predecessor-version":[{"id":7682,"href":"https:\/\/zsp25.edu.wroclaw.pl\/index.php\/wp-json\/wp\/v2\/posts\/7677\/revisions\/7682"}],"wp:featuredmedia":[{"embeddable":true,"href":"https:\/\/zsp25.edu.wroclaw.pl\/index.php\/wp-json\/wp\/v2\/media\/7678"}],"wp:attachment":[{"href":"https:\/\/zsp25.edu.wroclaw.pl\/index.php\/wp-json\/wp\/v2\/media?parent=7677"}],"wp:term":[{"taxonomy":"category","embeddable":true,"href":"https:\/\/zsp25.edu.wroclaw.pl\/index.php\/wp-json\/wp\/v2\/categories?post=7677"},{"taxonomy":"post_tag","embeddable":true,"href":"https:\/\/zsp25.edu.wroclaw.pl\/index.php\/wp-json\/wp\/v2\/tags?post=7677"}],"curies":[{"name":"wp","href":"https:\/\/api.w.org\/{rel}","templated":true}]}}