
{"id":7978,"date":"2026-03-13T11:05:16","date_gmt":"2026-03-13T10:05:16","guid":{"rendered":"https:\/\/zsp25.edu.wroclaw.pl\/?p=7978"},"modified":"2026-03-13T11:05:16","modified_gmt":"2026-03-13T10:05:16","slug":"tydzien-jezyka-ojczystego","status":"publish","type":"post","link":"https:\/\/zsp25.edu.wroclaw.pl\/index.php\/tydzien-jezyka-ojczystego\/2026\/03\/13\/dbabczynska\/","title":{"rendered":"&#8222;Tydzie\u0144 J\u0119zyka Ojczystego&#8221;"},"content":{"rendered":"<div>W dn.2-6 marca br. biblioteka szkolna zorganizowa\u0142a &#8222;Tydzie\u0144 J\u0119zyka Ojczystego&#8221;. W ramach obchod\u00f3w przeprowadzono trzy konkursy, w kt\u00f3rych wy\u0142oniono 14 laureat\u00f3w.<\/div>\n<div>Bardzo dzi\u0119kujemy wszystkim uczestnikom konkurs\u00f3w za aktywny udzia\u0142 w \u017cyciu biblioteki! Wszystkie wyr\u00f3\u017cnione prace mo\u017cna podziwia\u0107 na korytarzu przed bibliotek\u0105 szkoln\u0105.<\/div>\n<div><\/div>\n<div><\/div>\n<div><img loading=\"lazy\" decoding=\"async\" class=\"alignnone size-medium wp-image-7979\" src=\"https:\/\/zsp25.edu.wroclaw.pl\/wp-content\/uploads\/sites\/77\/2026\/03\/366fe0ce-5e36-44cd-9136-2d544e11c434-300x169.jpg\" alt=\"\" width=\"300\" height=\"169\" srcset=\"https:\/\/zsp25.edu.wroclaw.pl\/wp-content\/uploads\/sites\/77\/2026\/03\/366fe0ce-5e36-44cd-9136-2d544e11c434-300x169.jpg 300w, https:\/\/zsp25.edu.wroclaw.pl\/wp-content\/uploads\/sites\/77\/2026\/03\/366fe0ce-5e36-44cd-9136-2d544e11c434.jpg 614w\" sizes=\"auto, (max-width: 300px) 100vw, 300px\" \/><img loading=\"lazy\" decoding=\"async\" class=\"alignnone  wp-image-7980\" src=\"https:\/\/zsp25.edu.wroclaw.pl\/wp-content\/uploads\/sites\/77\/2026\/03\/Tydzien-Jezyka-Ojczystego-300x213.jpg\" alt=\"\" width=\"237\" height=\"168\" srcset=\"https:\/\/zsp25.edu.wroclaw.pl\/wp-content\/uploads\/sites\/77\/2026\/03\/Tydzien-Jezyka-Ojczystego-300x213.jpg 300w, https:\/\/zsp25.edu.wroclaw.pl\/wp-content\/uploads\/sites\/77\/2026\/03\/Tydzien-Jezyka-Ojczystego.jpg 524w\" sizes=\"auto, (max-width: 237px) 100vw, 237px\" \/><\/div>\n<div><\/div>\n<div><\/div>\n<div><\/div>\n<div>Joanna Freliga<\/div>\n<div><\/div>\n","protected":false},"excerpt":{"rendered":"<p>W dn.2-6 marca br. biblioteka szkolna zorganizowa\u0142a &#8222;Tydzie\u0144 J\u0119zyka Ojczystego&#8221;. W ramach obchod\u00f3w przeprowadzono trzy konkursy, w kt\u00f3rych wy\u0142oniono 14 laureat\u00f3w. Bardzo dzi\u0119kujemy wszystkim uczestnikom konkurs\u00f3w za aktywny udzia\u0142 w [&hellip;]<\/p>\n","protected":false},"author":222,"featured_media":7980,"comment_status":"closed","ping_status":"closed","sticky":false,"template":"","format":"standard","meta":{"footnotes":""},"categories":[1,15],"tags":[],"class_list":["post-7978","post","type-post","status-publish","format-standard","has-post-thumbnail","hentry","category-aktualnosci","category-sp11-aktualnosci","clearfix"],"_links":{"self":[{"href":"https:\/\/zsp25.edu.wroclaw.pl\/index.php\/wp-json\/wp\/v2\/posts\/7978","targetHints":{"allow":["GET"]}}],"collection":[{"href":"https:\/\/zsp25.edu.wroclaw.pl\/index.php\/wp-json\/wp\/v2\/posts"}],"about":[{"href":"https:\/\/zsp25.edu.wroclaw.pl\/index.php\/wp-json\/wp\/v2\/types\/post"}],"author":[{"embeddable":true,"href":"https:\/\/zsp25.edu.wroclaw.pl\/index.php\/wp-json\/wp\/v2\/users\/222"}],"replies":[{"embeddable":true,"href":"https:\/\/zsp25.edu.wroclaw.pl\/index.php\/wp-json\/wp\/v2\/comments?post=7978"}],"version-history":[{"count":1,"href":"https:\/\/zsp25.edu.wroclaw.pl\/index.php\/wp-json\/wp\/v2\/posts\/7978\/revisions"}],"predecessor-version":[{"id":7981,"href":"https:\/\/zsp25.edu.wroclaw.pl\/index.php\/wp-json\/wp\/v2\/posts\/7978\/revisions\/7981"}],"wp:featuredmedia":[{"embeddable":true,"href":"https:\/\/zsp25.edu.wroclaw.pl\/index.php\/wp-json\/wp\/v2\/media\/7980"}],"wp:attachment":[{"href":"https:\/\/zsp25.edu.wroclaw.pl\/index.php\/wp-json\/wp\/v2\/media?parent=7978"}],"wp:term":[{"taxonomy":"category","embeddable":true,"href":"https:\/\/zsp25.edu.wroclaw.pl\/index.php\/wp-json\/wp\/v2\/categories?post=7978"},{"taxonomy":"post_tag","embeddable":true,"href":"https:\/\/zsp25.edu.wroclaw.pl\/index.php\/wp-json\/wp\/v2\/tags?post=7978"}],"curies":[{"name":"wp","href":"https:\/\/api.w.org\/{rel}","templated":true}]}}