
{"id":8446,"date":"2026-04-29T20:50:34","date_gmt":"2026-04-29T18:50:34","guid":{"rendered":"https:\/\/zsp25.edu.wroclaw.pl\/?p=8446"},"modified":"2026-04-29T20:51:10","modified_gmt":"2026-04-29T18:51:10","slug":"swieta-majowe","status":"publish","type":"post","link":"https:\/\/zsp25.edu.wroclaw.pl\/index.php\/swieta-majowe\/2026\/04\/29\/dbabczynska\/","title":{"rendered":"\u015awi\u0119ta majowe"},"content":{"rendered":"<p class=\"isSelectedEnd\">W naszej szkole trwaj\u0105 przygotowania do obchod\u00f3w \u015bwi\u0105t majowych. Z tej okazji uczniowie ucz\u0119szczaj\u0105cy na ko\u0142o plastyczne wykonali imponuj\u0105cy, wielkoformatowy plakat upami\u0119tniaj\u0105cy \u015awi\u0119to Konstytucji 3 Maja. Ich zaanga\u017cowanie, kreatywno\u015b\u0107 i dba\u0142o\u015b\u0107 o detale sprawi\u0142y, \u017ce przestrze\u0144 szko\u0142y zyska\u0142a wyj\u0105tkowy, patriotyczny charakter. <!--more-->R\u00f3wnocze\u015bnie cz\u0119\u015b\u0107 uczni\u00f3w, pod kierunkiem nauczycieli historii, przygotowa\u0142a uroczyst\u0105 akademi\u0119, kt\u00f3ra pozwoli ca\u0142ej spo\u0142eczno\u015bci szkolnej lepiej zrozumie\u0107 znaczenie tego wa\u017cnego wydarzenia w dziejach Polski.<\/p>\n<p>Serdecznie dzi\u0119kujemy wszystkim za w\u0142o\u017con\u0105 prac\u0119 i zapraszamy do wsp\u00f3lnego prze\u017cywania nadchodz\u0105cych uroczysto\u015bci.<\/p>\n<p><img loading=\"lazy\" decoding=\"async\" class=\"alignnone size-medium wp-image-8447\" src=\"https:\/\/zsp25.edu.wroclaw.pl\/wp-content\/uploads\/sites\/77\/2026\/04\/IMG_2780-300x225.jpg\" alt=\"\" width=\"300\" height=\"225\" srcset=\"https:\/\/zsp25.edu.wroclaw.pl\/wp-content\/uploads\/sites\/77\/2026\/04\/IMG_2780-300x225.jpg 300w, https:\/\/zsp25.edu.wroclaw.pl\/wp-content\/uploads\/sites\/77\/2026\/04\/IMG_2780-768x576.jpg 768w, https:\/\/zsp25.edu.wroclaw.pl\/wp-content\/uploads\/sites\/77\/2026\/04\/IMG_2780.jpg 800w\" sizes=\"auto, (max-width: 300px) 100vw, 300px\" \/><\/p>\n","protected":false},"excerpt":{"rendered":"<p>W naszej szkole trwaj\u0105 przygotowania do obchod\u00f3w \u015bwi\u0105t majowych. Z tej okazji uczniowie ucz\u0119szczaj\u0105cy na ko\u0142o plastyczne wykonali imponuj\u0105cy, wielkoformatowy plakat upami\u0119tniaj\u0105cy \u015awi\u0119to Konstytucji 3 Maja. Ich zaanga\u017cowanie, kreatywno\u015b\u0107 i [&hellip;]<\/p>\n","protected":false},"author":222,"featured_media":8447,"comment_status":"closed","ping_status":"closed","sticky":false,"template":"","format":"standard","meta":{"footnotes":""},"categories":[15],"tags":[],"class_list":["post-8446","post","type-post","status-publish","format-standard","has-post-thumbnail","hentry","category-sp11-aktualnosci","clearfix"],"_links":{"self":[{"href":"https:\/\/zsp25.edu.wroclaw.pl\/index.php\/wp-json\/wp\/v2\/posts\/8446","targetHints":{"allow":["GET"]}}],"collection":[{"href":"https:\/\/zsp25.edu.wroclaw.pl\/index.php\/wp-json\/wp\/v2\/posts"}],"about":[{"href":"https:\/\/zsp25.edu.wroclaw.pl\/index.php\/wp-json\/wp\/v2\/types\/post"}],"author":[{"embeddable":true,"href":"https:\/\/zsp25.edu.wroclaw.pl\/index.php\/wp-json\/wp\/v2\/users\/222"}],"replies":[{"embeddable":true,"href":"https:\/\/zsp25.edu.wroclaw.pl\/index.php\/wp-json\/wp\/v2\/comments?post=8446"}],"version-history":[{"count":5,"href":"https:\/\/zsp25.edu.wroclaw.pl\/index.php\/wp-json\/wp\/v2\/posts\/8446\/revisions"}],"predecessor-version":[{"id":8452,"href":"https:\/\/zsp25.edu.wroclaw.pl\/index.php\/wp-json\/wp\/v2\/posts\/8446\/revisions\/8452"}],"wp:featuredmedia":[{"embeddable":true,"href":"https:\/\/zsp25.edu.wroclaw.pl\/index.php\/wp-json\/wp\/v2\/media\/8447"}],"wp:attachment":[{"href":"https:\/\/zsp25.edu.wroclaw.pl\/index.php\/wp-json\/wp\/v2\/media?parent=8446"}],"wp:term":[{"taxonomy":"category","embeddable":true,"href":"https:\/\/zsp25.edu.wroclaw.pl\/index.php\/wp-json\/wp\/v2\/categories?post=8446"},{"taxonomy":"post_tag","embeddable":true,"href":"https:\/\/zsp25.edu.wroclaw.pl\/index.php\/wp-json\/wp\/v2\/tags?post=8446"}],"curies":[{"name":"wp","href":"https:\/\/api.w.org\/{rel}","templated":true}]}}