
{"id":912,"date":"2023-11-09T19:29:35","date_gmt":"2023-11-09T18:29:35","guid":{"rendered":"https:\/\/zsp25.edu.wroclaw.pl\/?p=912"},"modified":"2023-11-10T08:48:02","modified_gmt":"2023-11-10T07:48:02","slug":"dzien-dyni-w-klasie-3-c","status":"publish","type":"post","link":"https:\/\/zsp25.edu.wroclaw.pl\/index.php\/dzien-dyni-w-klasie-3-c\/2023\/11\/09\/dbabczynska\/","title":{"rendered":"Dzie\u0144 Dyni w klasie 3 c"},"content":{"rendered":"<p>31 pa\u017adziernika w naszej szkole by\u0142 dyniowy zawr\u00f3t g\u0142owy. Klasa 3c \u015bwi\u0119towa\u0142a Dzie\u0144 Dyni. Uczniowie byli ubrani w kolory dyniowe. Zapoznali si\u0119 z ciekawostkami na temat tego warzywa. Nast\u0119pnie wykleili rozmaite dynie. Zabawa by\u0142a radosna!<\/p>\n<p><img loading=\"lazy\" decoding=\"async\" class=\"alignnone size-medium wp-image-913\" src=\"https:\/\/zsp25.edu.wroclaw.pl\/wp-content\/uploads\/sites\/77\/2023\/11\/Dzien-Dyni-1-300x225.jpg\" alt=\"\" width=\"300\" height=\"225\" srcset=\"https:\/\/zsp25.edu.wroclaw.pl\/wp-content\/uploads\/sites\/77\/2023\/11\/Dzien-Dyni-1-300x225.jpg 300w, https:\/\/zsp25.edu.wroclaw.pl\/wp-content\/uploads\/sites\/77\/2023\/11\/Dzien-Dyni-1-1024x768.jpg 1024w, https:\/\/zsp25.edu.wroclaw.pl\/wp-content\/uploads\/sites\/77\/2023\/11\/Dzien-Dyni-1-768x576.jpg 768w, https:\/\/zsp25.edu.wroclaw.pl\/wp-content\/uploads\/sites\/77\/2023\/11\/Dzien-Dyni-1-600x450.jpg 600w, https:\/\/zsp25.edu.wroclaw.pl\/wp-content\/uploads\/sites\/77\/2023\/11\/Dzien-Dyni-1-1536x1152.jpg 1536w, https:\/\/zsp25.edu.wroclaw.pl\/wp-content\/uploads\/sites\/77\/2023\/11\/Dzien-Dyni-1.jpg 2016w\" sizes=\"auto, (max-width: 300px) 100vw, 300px\" \/> <img loading=\"lazy\" decoding=\"async\" class=\"alignnone size-medium wp-image-914\" src=\"https:\/\/zsp25.edu.wroclaw.pl\/wp-content\/uploads\/sites\/77\/2023\/11\/Dzien-Dyni-2-300x225.jpg\" alt=\"\" width=\"300\" height=\"225\" srcset=\"https:\/\/zsp25.edu.wroclaw.pl\/wp-content\/uploads\/sites\/77\/2023\/11\/Dzien-Dyni-2-300x225.jpg 300w, https:\/\/zsp25.edu.wroclaw.pl\/wp-content\/uploads\/sites\/77\/2023\/11\/Dzien-Dyni-2-1024x768.jpg 1024w, https:\/\/zsp25.edu.wroclaw.pl\/wp-content\/uploads\/sites\/77\/2023\/11\/Dzien-Dyni-2-768x576.jpg 768w, https:\/\/zsp25.edu.wroclaw.pl\/wp-content\/uploads\/sites\/77\/2023\/11\/Dzien-Dyni-2-600x450.jpg 600w, https:\/\/zsp25.edu.wroclaw.pl\/wp-content\/uploads\/sites\/77\/2023\/11\/Dzien-Dyni-2-1536x1152.jpg 1536w, https:\/\/zsp25.edu.wroclaw.pl\/wp-content\/uploads\/sites\/77\/2023\/11\/Dzien-Dyni-2.jpg 2016w\" sizes=\"auto, (max-width: 300px) 100vw, 300px\" \/> <img loading=\"lazy\" decoding=\"async\" class=\"alignnone size-medium wp-image-915\" src=\"https:\/\/zsp25.edu.wroclaw.pl\/wp-content\/uploads\/sites\/77\/2023\/11\/Dzien-Dyni-300x225.jpg\" alt=\"\" width=\"300\" height=\"225\" srcset=\"https:\/\/zsp25.edu.wroclaw.pl\/wp-content\/uploads\/sites\/77\/2023\/11\/Dzien-Dyni-300x225.jpg 300w, https:\/\/zsp25.edu.wroclaw.pl\/wp-content\/uploads\/sites\/77\/2023\/11\/Dzien-Dyni-1024x768.jpg 1024w, https:\/\/zsp25.edu.wroclaw.pl\/wp-content\/uploads\/sites\/77\/2023\/11\/Dzien-Dyni-768x576.jpg 768w, https:\/\/zsp25.edu.wroclaw.pl\/wp-content\/uploads\/sites\/77\/2023\/11\/Dzien-Dyni-600x450.jpg 600w, https:\/\/zsp25.edu.wroclaw.pl\/wp-content\/uploads\/sites\/77\/2023\/11\/Dzien-Dyni-1536x1152.jpg 1536w, https:\/\/zsp25.edu.wroclaw.pl\/wp-content\/uploads\/sites\/77\/2023\/11\/Dzien-Dyni.jpg 2016w\" sizes=\"auto, (max-width: 300px) 100vw, 300px\" \/><\/p>\n","protected":false},"excerpt":{"rendered":"<p>31 pa\u017adziernika w naszej szkole by\u0142 dyniowy zawr\u00f3t g\u0142owy. Klasa 3c \u015bwi\u0119towa\u0142a Dzie\u0144 Dyni. Uczniowie byli ubrani w kolory dyniowe. Zapoznali si\u0119 z ciekawostkami na temat tego warzywa. Nast\u0119pnie wykleili [&hellip;]<\/p>\n","protected":false},"author":222,"featured_media":937,"comment_status":"closed","ping_status":"closed","sticky":false,"template":"","format":"standard","meta":{"footnotes":""},"categories":[1],"tags":[],"class_list":["post-912","post","type-post","status-publish","format-standard","has-post-thumbnail","hentry","category-aktualnosci","clearfix"],"_links":{"self":[{"href":"https:\/\/zsp25.edu.wroclaw.pl\/index.php\/wp-json\/wp\/v2\/posts\/912","targetHints":{"allow":["GET"]}}],"collection":[{"href":"https:\/\/zsp25.edu.wroclaw.pl\/index.php\/wp-json\/wp\/v2\/posts"}],"about":[{"href":"https:\/\/zsp25.edu.wroclaw.pl\/index.php\/wp-json\/wp\/v2\/types\/post"}],"author":[{"embeddable":true,"href":"https:\/\/zsp25.edu.wroclaw.pl\/index.php\/wp-json\/wp\/v2\/users\/222"}],"replies":[{"embeddable":true,"href":"https:\/\/zsp25.edu.wroclaw.pl\/index.php\/wp-json\/wp\/v2\/comments?post=912"}],"version-history":[{"count":1,"href":"https:\/\/zsp25.edu.wroclaw.pl\/index.php\/wp-json\/wp\/v2\/posts\/912\/revisions"}],"predecessor-version":[{"id":916,"href":"https:\/\/zsp25.edu.wroclaw.pl\/index.php\/wp-json\/wp\/v2\/posts\/912\/revisions\/916"}],"wp:featuredmedia":[{"embeddable":true,"href":"https:\/\/zsp25.edu.wroclaw.pl\/index.php\/wp-json\/wp\/v2\/media\/937"}],"wp:attachment":[{"href":"https:\/\/zsp25.edu.wroclaw.pl\/index.php\/wp-json\/wp\/v2\/media?parent=912"}],"wp:term":[{"taxonomy":"category","embeddable":true,"href":"https:\/\/zsp25.edu.wroclaw.pl\/index.php\/wp-json\/wp\/v2\/categories?post=912"},{"taxonomy":"post_tag","embeddable":true,"href":"https:\/\/zsp25.edu.wroclaw.pl\/index.php\/wp-json\/wp\/v2\/tags?post=912"}],"curies":[{"name":"wp","href":"https:\/\/api.w.org\/{rel}","templated":true}]}}