
{"id":924,"date":"2023-11-09T20:26:40","date_gmt":"2023-11-09T19:26:40","guid":{"rendered":"https:\/\/zsp25.edu.wroclaw.pl\/?p=924"},"modified":"2023-11-10T08:51:13","modified_gmt":"2023-11-10T07:51:13","slug":"pierwsze-wybory-do-samorzadu-uczniowskiego","status":"publish","type":"post","link":"https:\/\/zsp25.edu.wroclaw.pl\/index.php\/pierwsze-wybory-do-samorzadu-uczniowskiego\/2023\/11\/09\/dbabczynska\/","title":{"rendered":"Pierwsze wybory do samorz\u0105du uczniowskiego"},"content":{"rendered":"<p>Historia dzieje si\u0119 na naszych oczach! Mamy, pierwszy Samorz\u0105d Uczniowski Szko\u0142y Podstawowej nr 11 we Wroc\u0142awiu \ud83d\ude42<\/p>\n<p>07 listopada 2023 r. odby\u0142y si\u0119 w naszej szkole pierwsze wybory do samorz\u0105du uczniowskiego.<br \/>\nW wyniku przeprowadzonego g\u0142osowania przez uczni\u00f3w klas IV-VI oraz klasy przygotowawczej przewodnicz\u0105c\u0105 szko\u0142y zosta\u0142a:<br \/>\nKarolina Sz. z klasy 4a , natomiast\u00a0 zast\u0119pc\u0105 Franciszek F. z klasy 6a.<br \/>\nDo samorz\u0105du uczniowskiego zostali w\u0142\u0105czeni r\u00f3wnie\u017c:<br \/>\nJan B. klasa 4d<br \/>\nSzymon B. klasa 5a<br \/>\nHanna M. klasa 6a<br \/>\nMi\u0142osz N. klasa 4b<br \/>\nJulia \u0141. klasa 4b<\/p>\n<p>Nad prawid\u0142owym przebiegiem wybor\u00f3w czuwali ks. Rados\u0142aw Wolniczek &#8211; opiekun SU oraz pani wicedyrektor Agnieszka Musz.<\/p>\n<p>Gratulujemy i ju\u017c nie mo\u017cemy si\u0119 doczeka\u0107 realizacji Waszych program\u00f3w \ud83d\ude42<\/p>\n<p><img loading=\"lazy\" decoding=\"async\" class=\"alignnone size-medium wp-image-929\" src=\"https:\/\/zsp25.edu.wroclaw.pl\/wp-content\/uploads\/sites\/77\/2023\/11\/20231107_110840-135x300.jpg\" alt=\"\" width=\"135\" height=\"300\" srcset=\"https:\/\/zsp25.edu.wroclaw.pl\/wp-content\/uploads\/sites\/77\/2023\/11\/20231107_110840-135x300.jpg 135w, https:\/\/zsp25.edu.wroclaw.pl\/wp-content\/uploads\/sites\/77\/2023\/11\/20231107_110840-461x1024.jpg 461w, https:\/\/zsp25.edu.wroclaw.pl\/wp-content\/uploads\/sites\/77\/2023\/11\/20231107_110840-768x1707.jpg 768w, https:\/\/zsp25.edu.wroclaw.pl\/wp-content\/uploads\/sites\/77\/2023\/11\/20231107_110840-600x1333.jpg 600w, https:\/\/zsp25.edu.wroclaw.pl\/wp-content\/uploads\/sites\/77\/2023\/11\/20231107_110840-691x1536.jpg 691w, https:\/\/zsp25.edu.wroclaw.pl\/wp-content\/uploads\/sites\/77\/2023\/11\/20231107_110840-922x2048.jpg 922w, https:\/\/zsp25.edu.wroclaw.pl\/wp-content\/uploads\/sites\/77\/2023\/11\/20231107_110840-scaled.jpg 1152w\" sizes=\"auto, (max-width: 135px) 100vw, 135px\" \/><img loading=\"lazy\" decoding=\"async\" class=\"alignnone size-medium wp-image-930\" src=\"https:\/\/zsp25.edu.wroclaw.pl\/wp-content\/uploads\/sites\/77\/2023\/11\/20231107_111947-135x300.jpg\" alt=\"\" width=\"135\" height=\"300\" srcset=\"https:\/\/zsp25.edu.wroclaw.pl\/wp-content\/uploads\/sites\/77\/2023\/11\/20231107_111947-135x300.jpg 135w, https:\/\/zsp25.edu.wroclaw.pl\/wp-content\/uploads\/sites\/77\/2023\/11\/20231107_111947-461x1024.jpg 461w, https:\/\/zsp25.edu.wroclaw.pl\/wp-content\/uploads\/sites\/77\/2023\/11\/20231107_111947-768x1707.jpg 768w, https:\/\/zsp25.edu.wroclaw.pl\/wp-content\/uploads\/sites\/77\/2023\/11\/20231107_111947-600x1333.jpg 600w, https:\/\/zsp25.edu.wroclaw.pl\/wp-content\/uploads\/sites\/77\/2023\/11\/20231107_111947-691x1536.jpg 691w, https:\/\/zsp25.edu.wroclaw.pl\/wp-content\/uploads\/sites\/77\/2023\/11\/20231107_111947-922x2048.jpg 922w, https:\/\/zsp25.edu.wroclaw.pl\/wp-content\/uploads\/sites\/77\/2023\/11\/20231107_111947-scaled.jpg 1152w\" sizes=\"auto, (max-width: 135px) 100vw, 135px\" \/><\/p>\n<p>&nbsp;<\/p>\n<p>&nbsp;<\/p>\n","protected":false},"excerpt":{"rendered":"<p>Historia dzieje si\u0119 na naszych oczach! Mamy, pierwszy Samorz\u0105d Uczniowski Szko\u0142y Podstawowej nr 11 we Wroc\u0142awiu \ud83d\ude42 07 listopada 2023 r. odby\u0142y si\u0119 w naszej szkole pierwsze wybory do samorz\u0105du [&hellip;]<\/p>\n","protected":false},"author":222,"featured_media":938,"comment_status":"closed","ping_status":"closed","sticky":false,"template":"","format":"standard","meta":{"footnotes":""},"categories":[1],"tags":[],"class_list":["post-924","post","type-post","status-publish","format-standard","has-post-thumbnail","hentry","category-aktualnosci","clearfix"],"_links":{"self":[{"href":"https:\/\/zsp25.edu.wroclaw.pl\/index.php\/wp-json\/wp\/v2\/posts\/924","targetHints":{"allow":["GET"]}}],"collection":[{"href":"https:\/\/zsp25.edu.wroclaw.pl\/index.php\/wp-json\/wp\/v2\/posts"}],"about":[{"href":"https:\/\/zsp25.edu.wroclaw.pl\/index.php\/wp-json\/wp\/v2\/types\/post"}],"author":[{"embeddable":true,"href":"https:\/\/zsp25.edu.wroclaw.pl\/index.php\/wp-json\/wp\/v2\/users\/222"}],"replies":[{"embeddable":true,"href":"https:\/\/zsp25.edu.wroclaw.pl\/index.php\/wp-json\/wp\/v2\/comments?post=924"}],"version-history":[{"count":1,"href":"https:\/\/zsp25.edu.wroclaw.pl\/index.php\/wp-json\/wp\/v2\/posts\/924\/revisions"}],"predecessor-version":[{"id":934,"href":"https:\/\/zsp25.edu.wroclaw.pl\/index.php\/wp-json\/wp\/v2\/posts\/924\/revisions\/934"}],"wp:featuredmedia":[{"embeddable":true,"href":"https:\/\/zsp25.edu.wroclaw.pl\/index.php\/wp-json\/wp\/v2\/media\/938"}],"wp:attachment":[{"href":"https:\/\/zsp25.edu.wroclaw.pl\/index.php\/wp-json\/wp\/v2\/media?parent=924"}],"wp:term":[{"taxonomy":"category","embeddable":true,"href":"https:\/\/zsp25.edu.wroclaw.pl\/index.php\/wp-json\/wp\/v2\/categories?post=924"},{"taxonomy":"post_tag","embeddable":true,"href":"https:\/\/zsp25.edu.wroclaw.pl\/index.php\/wp-json\/wp\/v2\/tags?post=924"}],"curies":[{"name":"wp","href":"https:\/\/api.w.org\/{rel}","templated":true}]}}